{"id":1083,"date":"2013-11-26T16:25:26","date_gmt":"2013-11-26T16:25:26","guid":{"rendered":"http:\/\/pressloft.wordpress.com\/?p=1083"},"modified":"2017-01-30T04:11:31","modified_gmt":"2017-01-30T04:11:31","slug":"fruhlingstrend-blau-von-placid-bis-dazzling","status":"publish","type":"post","link":"https:\/\/blog.pressloft.com\/de\/2013\/11\/fruhlingstrend-blau-von-placid-bis-dazzling\/","title":{"rendered":"Fr\u00fchlingstrend Blau \u2013 von Placid bis Dazzling"},"content":{"rendered":"<p>Der Fr\u00fchling kommt bestimmt und die neuen Fr\u00fchlingstrends f\u00fcr 2014 warten bereits darauf entdeckt zu werden. Besonders sch\u00f6n finden wir die neuen Blaut\u00f6ne, die in der Fach- und Modesprache auch \u201ePlacid Blue\u201c and \u201eDazzling Blue\u201c genannt werden.<\/p>\n<p>Blau \u2013 die Farbe des Himmel und des Meeres &#8211; ist schon seit langem eine zentrale Farbe der neuesten Wohntrends im Design. Die neu kreierten Blaut\u00f6ne lassen diese altbew\u00e4hrte Farbe jedoch in ganz neuem Glanz erstrahlen.<\/p>\n<p>Als eine Mischung zwischen klassisch und ausgefallen ist Dazzling Blue \u2013 auch als \u201eenergiegeladener Schatten von Kobalt\u201c bezeichnet &#8211; die erste Wahl der Designer f\u00fcr den Fr\u00fchling 2014. Die Farbe ist klassisch, um einen zeitlosen Eindruck zu vermitteln und ausgefallen, um Ihre Wohnung in etwas ganz Besonderes zu verwandeln. Bereits Paul Simone benannte einen seiner Songs nach dieser Farbe. \u201eMaybe love\u2019s an accident, or destiny is true. But you and I were born beneath a star of dazzling blue.\u201c <a href=\"http:\/\/www.pressloft.com\/feature.php?t=527&amp;tid=4\" target=\"_blank\">Weiter lesen<\/a><\/p>\n<p>&nbsp;<\/p>\n<p style=\"text-align: center;\"><a href=\"http:\/\/www.pressloft.com\/product.php?pid=876552&amp;tid=4\"><img data-recalc-dims=\"1\" loading=\"lazy\" decoding=\"async\" class=\"aligncenter size-full wp-image-1086\" src=\"https:\/\/i0.wp.com\/blog.pressloft.com\/wp-content\/uploads\/2013\/11\/neoliving.jpg?resize=258%2C280&#038;ssl=1\" alt=\"Neoliving\" width=\"258\" height=\"280\" \/><\/a><a href=\"http:\/\/www.pressloft.com\/product.php?pid=660007&amp;tid=4\"><img data-recalc-dims=\"1\" loading=\"lazy\" decoding=\"async\" class=\"aligncenter wp-image-1085\" src=\"https:\/\/i0.wp.com\/blog.pressloft.com\/wp-content\/uploads\/2013\/11\/annalampe.jpg?resize=280%2C371&#038;ssl=1\" alt=\"anna lampe\u00ae\" width=\"280\" height=\"371\" srcset=\"https:\/\/i0.wp.com\/blog.pressloft.com\/wp-content\/uploads\/2013\/11\/annalampe.jpg?w=280&amp;ssl=1 280w, https:\/\/i0.wp.com\/blog.pressloft.com\/wp-content\/uploads\/2013\/11\/annalampe.jpg?resize=226%2C300&amp;ssl=1 226w\" sizes=\"auto, (max-width: 280px) 100vw, 280px\" \/><\/a><a href=\"http:\/\/www.pressloft.com\/product.php?pid=879426&amp;tid=4\"><img data-recalc-dims=\"1\" loading=\"lazy\" decoding=\"async\" class=\"aligncenter size-full wp-image-1084\" src=\"https:\/\/i0.wp.com\/blog.pressloft.com\/wp-content\/uploads\/2013\/11\/ames.jpg?resize=186%2C280&#038;ssl=1\" alt=\"Ames GmbH\" width=\"186\" height=\"280\" \/><\/a><\/p>\n","protected":false},"excerpt":{"rendered":"<p>Der Fr\u00fchling kommt bestimmt und die neuen Fr\u00fchlingstrends f\u00fcr 2014 warten bereits darauf entdeckt zu werden. Besonders sch\u00f6n finden wir die neuen Blaut\u00f6ne, die in der Fach- und Modesprache auch \u201ePlacid Blue\u201c and \u201eDazzling Blue\u201c genannt werden. Blau \u2013 die Farbe des Himmel und des Meeres &#8211; ist schon seit langem eine zentrale Farbe der [&hellip;]<\/p>\n","protected":false},"author":1,"featured_media":0,"comment_status":"open","ping_status":"open","sticky":false,"template":"","format":"standard","meta":{"_jetpack_memberships_contains_paid_content":false,"footnotes":"","jetpack_publicize_message":"","jetpack_publicize_feature_enabled":true,"jetpack_social_post_already_shared":true,"jetpack_social_options":{"image_generator_settings":{"template":"highway","default_image_id":0,"font":"","enabled":false},"version":2}},"categories":[1348,6,1347,1342],"tags":[],"class_list":["post-1083","post","type-post","status-publish","format-standard","hentry","category-alle","category-german","category-neuigkeiten-trends","category-unkategorisiert"],"yoast_head":"<!-- This site is optimized with the Yoast SEO plugin v23.4 - https:\/\/yoast.com\/wordpress\/plugins\/seo\/ -->\n<title>Fr\u00fchlingstrend Blau \u2013 von Placid bis Dazzling - Press Loft blog<\/title>\n<meta name=\"robots\" content=\"index, follow, max-snippet:-1, max-image-preview:large, max-video-preview:-1\" \/>\n<link rel=\"canonical\" href=\"https:\/\/blog.pressloft.com\/de\/2013\/11\/fruhlingstrend-blau-von-placid-bis-dazzling\/\" \/>\n<meta property=\"og:locale\" content=\"de_DE\" \/>\n<meta property=\"og:type\" content=\"article\" \/>\n<meta property=\"og:title\" content=\"Fr\u00fchlingstrend Blau \u2013 von Placid bis Dazzling - Press Loft blog\" \/>\n<meta property=\"og:description\" content=\"Der Fr\u00fchling kommt bestimmt und die neuen Fr\u00fchlingstrends f\u00fcr 2014 warten bereits darauf entdeckt zu werden. Besonders sch\u00f6n finden wir die neuen Blaut\u00f6ne, die in der Fach- und Modesprache auch \u201ePlacid Blue\u201c and \u201eDazzling Blue\u201c genannt werden. Blau \u2013 die Farbe des Himmel und des Meeres &#8211; ist schon seit langem eine zentrale Farbe der [&hellip;]\" \/>\n<meta property=\"og:url\" content=\"https:\/\/blog.pressloft.com\/de\/2013\/11\/fruhlingstrend-blau-von-placid-bis-dazzling\/\" \/>\n<meta property=\"og:site_name\" content=\"Press Loft blog\" \/>\n<meta property=\"article:publisher\" content=\"https:\/\/www.facebook.com\/PressLoft\/?locale=en_GB\" \/>\n<meta property=\"article:published_time\" content=\"2013-11-26T16:25:26+00:00\" \/>\n<meta property=\"article:modified_time\" content=\"2017-01-30T04:11:31+00:00\" \/>\n<meta property=\"og:image\" content=\"https:\/\/blog.pressloft.com\/wp-content\/uploads\/2013\/11\/neoliving.jpg\" \/>\n<meta name=\"author\" content=\"admin\" \/>\n<meta name=\"twitter:card\" content=\"summary_large_image\" \/>\n<meta name=\"twitter:label1\" content=\"Verfasst von\" \/>\n\t<meta name=\"twitter:data1\" content=\"admin\" \/>\n\t<meta name=\"twitter:label2\" content=\"Gesch\u00e4tzte Lesezeit\" \/>\n\t<meta name=\"twitter:data2\" content=\"1\u00a0Minute\" \/>\n<script type=\"application\/ld+json\" class=\"yoast-schema-graph\">{\"@context\":\"https:\/\/schema.org\",\"@graph\":[{\"@type\":\"Article\",\"@id\":\"https:\/\/blog.pressloft.com\/de\/2013\/11\/fruhlingstrend-blau-von-placid-bis-dazzling\/#article\",\"isPartOf\":{\"@id\":\"https:\/\/blog.pressloft.com\/de\/2013\/11\/fruhlingstrend-blau-von-placid-bis-dazzling\/\"},\"author\":{\"name\":\"admin\",\"@id\":\"https:\/\/blog.pressloft.com\/#\/schema\/person\/bb010c98319ad4ee10c12d4bbb62117d\"},\"headline\":\"Fr\u00fchlingstrend Blau \u2013 von Placid bis Dazzling\",\"datePublished\":\"2013-11-26T16:25:26+00:00\",\"dateModified\":\"2017-01-30T04:11:31+00:00\",\"mainEntityOfPage\":{\"@id\":\"https:\/\/blog.pressloft.com\/de\/2013\/11\/fruhlingstrend-blau-von-placid-bis-dazzling\/\"},\"wordCount\":168,\"commentCount\":0,\"publisher\":{\"@id\":\"https:\/\/blog.pressloft.com\/#organization\"},\"image\":{\"@id\":\"https:\/\/blog.pressloft.com\/de\/2013\/11\/fruhlingstrend-blau-von-placid-bis-dazzling\/#primaryimage\"},\"thumbnailUrl\":\"https:\/\/blog.pressloft.com\/wp-content\/uploads\/2013\/11\/neoliving.jpg\",\"articleSection\":[\"Alle Beitr\u00e4ge\",\"German\",\"Neuigkeiten &amp; Trends\",\"Unkategorisiert\"],\"inLanguage\":\"de\",\"potentialAction\":[{\"@type\":\"CommentAction\",\"name\":\"Comment\",\"target\":[\"https:\/\/blog.pressloft.com\/de\/2013\/11\/fruhlingstrend-blau-von-placid-bis-dazzling\/#respond\"]}]},{\"@type\":\"WebPage\",\"@id\":\"https:\/\/blog.pressloft.com\/de\/2013\/11\/fruhlingstrend-blau-von-placid-bis-dazzling\/\",\"url\":\"https:\/\/blog.pressloft.com\/de\/2013\/11\/fruhlingstrend-blau-von-placid-bis-dazzling\/\",\"name\":\"Fr\u00fchlingstrend Blau \u2013 von Placid bis Dazzling - Press Loft blog\",\"isPartOf\":{\"@id\":\"https:\/\/blog.pressloft.com\/#website\"},\"primaryImageOfPage\":{\"@id\":\"https:\/\/blog.pressloft.com\/de\/2013\/11\/fruhlingstrend-blau-von-placid-bis-dazzling\/#primaryimage\"},\"image\":{\"@id\":\"https:\/\/blog.pressloft.com\/de\/2013\/11\/fruhlingstrend-blau-von-placid-bis-dazzling\/#primaryimage\"},\"thumbnailUrl\":\"https:\/\/blog.pressloft.com\/wp-content\/uploads\/2013\/11\/neoliving.jpg\",\"datePublished\":\"2013-11-26T16:25:26+00:00\",\"dateModified\":\"2017-01-30T04:11:31+00:00\",\"breadcrumb\":{\"@id\":\"https:\/\/blog.pressloft.com\/de\/2013\/11\/fruhlingstrend-blau-von-placid-bis-dazzling\/#breadcrumb\"},\"inLanguage\":\"de\",\"potentialAction\":[{\"@type\":\"ReadAction\",\"target\":[\"https:\/\/blog.pressloft.com\/de\/2013\/11\/fruhlingstrend-blau-von-placid-bis-dazzling\/\"]}]},{\"@type\":\"ImageObject\",\"inLanguage\":\"de\",\"@id\":\"https:\/\/blog.pressloft.com\/de\/2013\/11\/fruhlingstrend-blau-von-placid-bis-dazzling\/#primaryimage\",\"url\":\"https:\/\/blog.pressloft.com\/wp-content\/uploads\/2013\/11\/neoliving.jpg\",\"contentUrl\":\"https:\/\/blog.pressloft.com\/wp-content\/uploads\/2013\/11\/neoliving.jpg\"},{\"@type\":\"BreadcrumbList\",\"@id\":\"https:\/\/blog.pressloft.com\/de\/2013\/11\/fruhlingstrend-blau-von-placid-bis-dazzling\/#breadcrumb\",\"itemListElement\":[{\"@type\":\"ListItem\",\"position\":1,\"name\":\"Home\",\"item\":\"https:\/\/blog.pressloft.com\/\"},{\"@type\":\"ListItem\",\"position\":2,\"name\":\"Fr\u00fchlingstrend Blau \u2013 von Placid bis Dazzling\"}]},{\"@type\":\"WebSite\",\"@id\":\"https:\/\/blog.pressloft.com\/#website\",\"url\":\"https:\/\/blog.pressloft.com\/\",\"name\":\"Press Loft blog\",\"description\":\"PR Made Simple\",\"publisher\":{\"@id\":\"https:\/\/blog.pressloft.com\/#organization\"},\"potentialAction\":[{\"@type\":\"SearchAction\",\"target\":{\"@type\":\"EntryPoint\",\"urlTemplate\":\"https:\/\/blog.pressloft.com\/?s={search_term_string}\"},\"query-input\":{\"@type\":\"PropertyValueSpecification\",\"valueRequired\":true,\"valueName\":\"search_term_string\"}}],\"inLanguage\":\"de\"},{\"@type\":\"Organization\",\"@id\":\"https:\/\/blog.pressloft.com\/#organization\",\"name\":\"Press Loft blog\",\"url\":\"https:\/\/blog.pressloft.com\/\",\"logo\":{\"@type\":\"ImageObject\",\"inLanguage\":\"de\",\"@id\":\"https:\/\/blog.pressloft.com\/#\/schema\/logo\/image\/\",\"url\":\"https:\/\/i0.wp.com\/blog.pressloft.com\/wp-content\/uploads\/2023\/09\/blog-logo.png?fit=272%2C90&ssl=1\",\"contentUrl\":\"https:\/\/i0.wp.com\/blog.pressloft.com\/wp-content\/uploads\/2023\/09\/blog-logo.png?fit=272%2C90&ssl=1\",\"width\":272,\"height\":90,\"caption\":\"Press Loft blog\"},\"image\":{\"@id\":\"https:\/\/blog.pressloft.com\/#\/schema\/logo\/image\/\"},\"sameAs\":[\"https:\/\/www.facebook.com\/PressLoft\/?locale=en_GB\",\"https:\/\/www.instagram.com\/pressloft\/?hl=en-gb\",\"https:\/\/uk.linkedin.com\/company\/pressloft\"]},{\"@type\":\"Person\",\"@id\":\"https:\/\/blog.pressloft.com\/#\/schema\/person\/bb010c98319ad4ee10c12d4bbb62117d\",\"name\":\"admin\",\"url\":\"https:\/\/blog.pressloft.com\/de\/author\/admin\/\"}]}<\/script>\n<!-- \/ Yoast SEO plugin. -->","yoast_head_json":{"title":"Fr\u00fchlingstrend Blau \u2013 von Placid bis Dazzling - Press Loft blog","robots":{"index":"index","follow":"follow","max-snippet":"max-snippet:-1","max-image-preview":"max-image-preview:large","max-video-preview":"max-video-preview:-1"},"canonical":"https:\/\/blog.pressloft.com\/de\/2013\/11\/fruhlingstrend-blau-von-placid-bis-dazzling\/","og_locale":"de_DE","og_type":"article","og_title":"Fr\u00fchlingstrend Blau \u2013 von Placid bis Dazzling - Press Loft blog","og_description":"Der Fr\u00fchling kommt bestimmt und die neuen Fr\u00fchlingstrends f\u00fcr 2014 warten bereits darauf entdeckt zu werden. Besonders sch\u00f6n finden wir die neuen Blaut\u00f6ne, die in der Fach- und Modesprache auch \u201ePlacid Blue\u201c and \u201eDazzling Blue\u201c genannt werden. Blau \u2013 die Farbe des Himmel und des Meeres &#8211; ist schon seit langem eine zentrale Farbe der [&hellip;]","og_url":"https:\/\/blog.pressloft.com\/de\/2013\/11\/fruhlingstrend-blau-von-placid-bis-dazzling\/","og_site_name":"Press Loft blog","article_publisher":"https:\/\/www.facebook.com\/PressLoft\/?locale=en_GB","article_published_time":"2013-11-26T16:25:26+00:00","article_modified_time":"2017-01-30T04:11:31+00:00","og_image":[{"url":"https:\/\/blog.pressloft.com\/wp-content\/uploads\/2013\/11\/neoliving.jpg"}],"author":"admin","twitter_card":"summary_large_image","twitter_misc":{"Verfasst von":"admin","Gesch\u00e4tzte Lesezeit":"1\u00a0Minute"},"schema":{"@context":"https:\/\/schema.org","@graph":[{"@type":"Article","@id":"https:\/\/blog.pressloft.com\/de\/2013\/11\/fruhlingstrend-blau-von-placid-bis-dazzling\/#article","isPartOf":{"@id":"https:\/\/blog.pressloft.com\/de\/2013\/11\/fruhlingstrend-blau-von-placid-bis-dazzling\/"},"author":{"name":"admin","@id":"https:\/\/blog.pressloft.com\/#\/schema\/person\/bb010c98319ad4ee10c12d4bbb62117d"},"headline":"Fr\u00fchlingstrend Blau \u2013 von Placid bis Dazzling","datePublished":"2013-11-26T16:25:26+00:00","dateModified":"2017-01-30T04:11:31+00:00","mainEntityOfPage":{"@id":"https:\/\/blog.pressloft.com\/de\/2013\/11\/fruhlingstrend-blau-von-placid-bis-dazzling\/"},"wordCount":168,"commentCount":0,"publisher":{"@id":"https:\/\/blog.pressloft.com\/#organization"},"image":{"@id":"https:\/\/blog.pressloft.com\/de\/2013\/11\/fruhlingstrend-blau-von-placid-bis-dazzling\/#primaryimage"},"thumbnailUrl":"https:\/\/blog.pressloft.com\/wp-content\/uploads\/2013\/11\/neoliving.jpg","articleSection":["Alle Beitr\u00e4ge","German","Neuigkeiten &amp; Trends","Unkategorisiert"],"inLanguage":"de","potentialAction":[{"@type":"CommentAction","name":"Comment","target":["https:\/\/blog.pressloft.com\/de\/2013\/11\/fruhlingstrend-blau-von-placid-bis-dazzling\/#respond"]}]},{"@type":"WebPage","@id":"https:\/\/blog.pressloft.com\/de\/2013\/11\/fruhlingstrend-blau-von-placid-bis-dazzling\/","url":"https:\/\/blog.pressloft.com\/de\/2013\/11\/fruhlingstrend-blau-von-placid-bis-dazzling\/","name":"Fr\u00fchlingstrend Blau \u2013 von Placid bis Dazzling - Press Loft blog","isPartOf":{"@id":"https:\/\/blog.pressloft.com\/#website"},"primaryImageOfPage":{"@id":"https:\/\/blog.pressloft.com\/de\/2013\/11\/fruhlingstrend-blau-von-placid-bis-dazzling\/#primaryimage"},"image":{"@id":"https:\/\/blog.pressloft.com\/de\/2013\/11\/fruhlingstrend-blau-von-placid-bis-dazzling\/#primaryimage"},"thumbnailUrl":"https:\/\/blog.pressloft.com\/wp-content\/uploads\/2013\/11\/neoliving.jpg","datePublished":"2013-11-26T16:25:26+00:00","dateModified":"2017-01-30T04:11:31+00:00","breadcrumb":{"@id":"https:\/\/blog.pressloft.com\/de\/2013\/11\/fruhlingstrend-blau-von-placid-bis-dazzling\/#breadcrumb"},"inLanguage":"de","potentialAction":[{"@type":"ReadAction","target":["https:\/\/blog.pressloft.com\/de\/2013\/11\/fruhlingstrend-blau-von-placid-bis-dazzling\/"]}]},{"@type":"ImageObject","inLanguage":"de","@id":"https:\/\/blog.pressloft.com\/de\/2013\/11\/fruhlingstrend-blau-von-placid-bis-dazzling\/#primaryimage","url":"https:\/\/blog.pressloft.com\/wp-content\/uploads\/2013\/11\/neoliving.jpg","contentUrl":"https:\/\/blog.pressloft.com\/wp-content\/uploads\/2013\/11\/neoliving.jpg"},{"@type":"BreadcrumbList","@id":"https:\/\/blog.pressloft.com\/de\/2013\/11\/fruhlingstrend-blau-von-placid-bis-dazzling\/#breadcrumb","itemListElement":[{"@type":"ListItem","position":1,"name":"Home","item":"https:\/\/blog.pressloft.com\/"},{"@type":"ListItem","position":2,"name":"Fr\u00fchlingstrend Blau \u2013 von Placid bis Dazzling"}]},{"@type":"WebSite","@id":"https:\/\/blog.pressloft.com\/#website","url":"https:\/\/blog.pressloft.com\/","name":"Press Loft blog","description":"PR Made Simple","publisher":{"@id":"https:\/\/blog.pressloft.com\/#organization"},"potentialAction":[{"@type":"SearchAction","target":{"@type":"EntryPoint","urlTemplate":"https:\/\/blog.pressloft.com\/?s={search_term_string}"},"query-input":{"@type":"PropertyValueSpecification","valueRequired":true,"valueName":"search_term_string"}}],"inLanguage":"de"},{"@type":"Organization","@id":"https:\/\/blog.pressloft.com\/#organization","name":"Press Loft blog","url":"https:\/\/blog.pressloft.com\/","logo":{"@type":"ImageObject","inLanguage":"de","@id":"https:\/\/blog.pressloft.com\/#\/schema\/logo\/image\/","url":"https:\/\/i0.wp.com\/blog.pressloft.com\/wp-content\/uploads\/2023\/09\/blog-logo.png?fit=272%2C90&ssl=1","contentUrl":"https:\/\/i0.wp.com\/blog.pressloft.com\/wp-content\/uploads\/2023\/09\/blog-logo.png?fit=272%2C90&ssl=1","width":272,"height":90,"caption":"Press Loft blog"},"image":{"@id":"https:\/\/blog.pressloft.com\/#\/schema\/logo\/image\/"},"sameAs":["https:\/\/www.facebook.com\/PressLoft\/?locale=en_GB","https:\/\/www.instagram.com\/pressloft\/?hl=en-gb","https:\/\/uk.linkedin.com\/company\/pressloft"]},{"@type":"Person","@id":"https:\/\/blog.pressloft.com\/#\/schema\/person\/bb010c98319ad4ee10c12d4bbb62117d","name":"admin","url":"https:\/\/blog.pressloft.com\/de\/author\/admin\/"}]}},"jetpack_publicize_connections":[],"jetpack_featured_media_url":"","jetpack_sharing_enabled":true,"jetpack_shortlink":"https:\/\/wp.me\/pbvzo7-ht","_links":{"self":[{"href":"https:\/\/blog.pressloft.com\/de\/wp-json\/wp\/v2\/posts\/1083\/"}],"collection":[{"href":"https:\/\/blog.pressloft.com\/de\/wp-json\/wp\/v2\/posts\/"}],"about":[{"href":"https:\/\/blog.pressloft.com\/de\/wp-json\/wp\/v2\/types\/post\/"}],"author":[{"embeddable":true,"href":"https:\/\/blog.pressloft.com\/de\/wp-json\/wp\/v2\/users\/1\/"}],"replies":[{"embeddable":true,"href":"https:\/\/blog.pressloft.com\/de\/wp-json\/wp\/v2\/comments\/?post=1083"}],"version-history":[{"count":1,"href":"https:\/\/blog.pressloft.com\/de\/wp-json\/wp\/v2\/posts\/1083\/revisions\/"}],"predecessor-version":[{"id":9344,"href":"https:\/\/blog.pressloft.com\/de\/wp-json\/wp\/v2\/posts\/1083\/revisions\/9344\/"}],"wp:attachment":[{"href":"https:\/\/blog.pressloft.com\/de\/wp-json\/wp\/v2\/media\/?parent=1083"}],"wp:term":[{"taxonomy":"category","embeddable":true,"href":"https:\/\/blog.pressloft.com\/de\/wp-json\/wp\/v2\/categories\/?post=1083"},{"taxonomy":"post_tag","embeddable":true,"href":"https:\/\/blog.pressloft.com\/de\/wp-json\/wp\/v2\/tags\/?post=1083"}],"curies":[{"name":"wp","href":"https:\/\/api.w.org\/{rel}","templated":true}]}}