{"id":2213,"date":"2014-02-04T16:32:30","date_gmt":"2014-02-04T16:32:30","guid":{"rendered":"http:\/\/pressloft.wordpress.com\/?p=2213"},"modified":"2017-01-30T04:16:18","modified_gmt":"2017-01-30T04:16:18","slug":"eindrucke-maison-objet-2014","status":"publish","type":"post","link":"https:\/\/blog.pressloft.com\/de\/2014\/02\/eindrucke-maison-objet-2014\/","title":{"rendered":"Eindr\u00fccke Maison &#038; Objet 2014"},"content":{"rendered":"<p>Letztes Wochenende ging \u00a0eines der internationalen Top Events aus dem Bereich Wohnen &amp; Einrichtungsdesign glanzvoll \u00fcber die B\u00fchne &#8211; die\u00a0<span style=\"line-height: 1.5em;\">Maison &amp; Objet in Paris. Wir\u00a0<\/span><span style=\"line-height: 1.5em;\">hatten das Gl\u00fcck dabei zu sein und waren begeistert:<\/span><\/p>\n<p>Auf einer Ausstellungsfl\u00e4che von mehr als\u00a0130,000 m\u00b2\u00a0waren \u00fcber 3.000 Topmarken vertreten. Die Messe bot ein gro\u00dfes Repertoire an Designerm\u00f6bel, Einrichtungs- gegenst\u00e4nden und Wohnaccessoires. Die Vielfalt war \u00fcberw\u00e4ltigend und lieferte einen umfassenden Einblick in die Trends des Jahres 2014.<\/p>\n<p>F\u00fcr alle, die bei der Maison &amp; Objet 2014 nicht dabei sein konnten, haben wir die wichtigsten Ereignisse und sch\u00f6nsten Messest\u00e4nde in Bildern festgehalten.\u00a0<!--more--><\/p>\n<p style=\"text-align: center;\"><strong><span style=\"line-height: 1.5em;\">Niki Jones<\/span><\/strong><\/p>\n<p style=\"text-align: center;\"><a href=\"https:\/\/i0.wp.com\/blog.pressloft.com\/wp-content\/uploads\/2014\/02\/2014-02-05_0946.png?ssl=1\"><img data-recalc-dims=\"1\" loading=\"lazy\" decoding=\"async\" class=\"aligncenter wp-image-2285\" src=\"https:\/\/i0.wp.com\/blog.pressloft.com\/wp-content\/uploads\/2014\/02\/2014-02-05_0946.png?resize=535%2C356&#038;ssl=1\" alt=\"2014-02-05_0946\" width=\"535\" height=\"356\" srcset=\"https:\/\/i0.wp.com\/blog.pressloft.com\/wp-content\/uploads\/2014\/02\/2014-02-05_0946.png?w=649&amp;ssl=1 649w, https:\/\/i0.wp.com\/blog.pressloft.com\/wp-content\/uploads\/2014\/02\/2014-02-05_0946.png?resize=300%2C200&amp;ssl=1 300w\" sizes=\"auto, (max-width: 535px) 100vw, 535px\" \/><\/a><\/p>\n<p style=\"text-align: center;\"><strong>Eno Studio<\/strong><\/p>\n<p style=\"text-align: center;\"><a href=\"https:\/\/i0.wp.com\/blog.pressloft.com\/wp-content\/uploads\/2014\/02\/2014-02-04_1557.png?ssl=1\"><img data-recalc-dims=\"1\" loading=\"lazy\" decoding=\"async\" class=\"aligncenter wp-image-2244\" src=\"https:\/\/i0.wp.com\/blog.pressloft.com\/wp-content\/uploads\/2014\/02\/2014-02-04_1557.png?resize=532%2C474&#038;ssl=1\" alt=\"2014-02-04_1557\" width=\"532\" height=\"474\" srcset=\"https:\/\/i0.wp.com\/blog.pressloft.com\/wp-content\/uploads\/2014\/02\/2014-02-04_1557.png?w=591&amp;ssl=1 591w, https:\/\/i0.wp.com\/blog.pressloft.com\/wp-content\/uploads\/2014\/02\/2014-02-04_1557.png?resize=300%2C268&amp;ssl=1 300w\" sizes=\"auto, (max-width: 532px) 100vw, 532px\" \/><\/a><\/p>\n<p style=\"text-align: center;\"><strong>Atomic Soda<\/strong><\/p>\n<p style=\"text-align: center;\"><a href=\"https:\/\/i0.wp.com\/blog.pressloft.com\/wp-content\/uploads\/2014\/02\/2014-02-04_1613.png?ssl=1\"><img data-recalc-dims=\"1\" loading=\"lazy\" decoding=\"async\" class=\"aligncenter wp-image-2245\" src=\"https:\/\/i0.wp.com\/blog.pressloft.com\/wp-content\/uploads\/2014\/02\/2014-02-04_1613.png?resize=535%2C477&#038;ssl=1\" alt=\"2014-02-04_1613\" width=\"535\" height=\"477\" srcset=\"https:\/\/i0.wp.com\/blog.pressloft.com\/wp-content\/uploads\/2014\/02\/2014-02-04_1613.png?w=595&amp;ssl=1 595w, https:\/\/i0.wp.com\/blog.pressloft.com\/wp-content\/uploads\/2014\/02\/2014-02-04_1613.png?resize=300%2C268&amp;ssl=1 300w\" sizes=\"auto, (max-width: 535px) 100vw, 535px\" \/><\/a><\/p>\n<p style=\"text-align: center;\"><strong>Harto &amp; Gubi<\/strong><\/p>\n<p style=\"text-align: center;\"><a href=\"https:\/\/i0.wp.com\/blog.pressloft.com\/wp-content\/uploads\/2014\/02\/2014-02-05_0936.png?ssl=1\"><img data-recalc-dims=\"1\" loading=\"lazy\" decoding=\"async\" class=\"aligncenter wp-image-2284\" src=\"https:\/\/i0.wp.com\/blog.pressloft.com\/wp-content\/uploads\/2014\/02\/2014-02-05_0936.png?resize=535%2C401&#038;ssl=1\" alt=\"2014-02-05_0936\" width=\"535\" height=\"401\" srcset=\"https:\/\/i0.wp.com\/blog.pressloft.com\/wp-content\/uploads\/2014\/02\/2014-02-05_0936.png?w=648&amp;ssl=1 648w, https:\/\/i0.wp.com\/blog.pressloft.com\/wp-content\/uploads\/2014\/02\/2014-02-05_0936.png?resize=300%2C225&amp;ssl=1 300w\" sizes=\"auto, (max-width: 535px) 100vw, 535px\" \/><\/a><\/p>\n<p style=\"text-align: center;\"><strong>MENU<\/strong><\/p>\n<p><a href=\"https:\/\/i0.wp.com\/blog.pressloft.com\/wp-content\/uploads\/2014\/02\/menu.jpg?ssl=1\"><img data-recalc-dims=\"1\" loading=\"lazy\" decoding=\"async\" class=\"aligncenter size-full wp-image-2232\" src=\"https:\/\/i0.wp.com\/blog.pressloft.com\/wp-content\/uploads\/2014\/02\/menu.jpg?resize=540%2C375&#038;ssl=1\" alt=\"Menu\" width=\"540\" height=\"375\" srcset=\"https:\/\/i0.wp.com\/blog.pressloft.com\/wp-content\/uploads\/2014\/02\/menu.jpg?w=540&amp;ssl=1 540w, https:\/\/i0.wp.com\/blog.pressloft.com\/wp-content\/uploads\/2014\/02\/menu.jpg?resize=300%2C208&amp;ssl=1 300w\" sizes=\"auto, (max-width: 540px) 100vw, 540px\" \/><\/a><\/p>\n<p style=\"text-align: center;\"><strong>IBRIDE<\/strong><\/p>\n<p style=\"text-align: center;\"><a href=\"https:\/\/i0.wp.com\/blog.pressloft.com\/wp-content\/uploads\/2014\/02\/2014-02-04_1524.png?ssl=1\"><img data-recalc-dims=\"1\" loading=\"lazy\" decoding=\"async\" class=\"aligncenter wp-image-2237\" src=\"https:\/\/i0.wp.com\/blog.pressloft.com\/wp-content\/uploads\/2014\/02\/2014-02-04_1524.png?resize=535%2C399&#038;ssl=1\" alt=\"2014-02-04_1524\" width=\"535\" height=\"399\" srcset=\"https:\/\/i0.wp.com\/blog.pressloft.com\/wp-content\/uploads\/2014\/02\/2014-02-04_1524.png?w=1239&amp;ssl=1 1239w, https:\/\/i0.wp.com\/blog.pressloft.com\/wp-content\/uploads\/2014\/02\/2014-02-04_1524.png?resize=300%2C224&amp;ssl=1 300w, https:\/\/i0.wp.com\/blog.pressloft.com\/wp-content\/uploads\/2014\/02\/2014-02-04_1524.png?resize=768%2C574&amp;ssl=1 768w, https:\/\/i0.wp.com\/blog.pressloft.com\/wp-content\/uploads\/2014\/02\/2014-02-04_1524.png?resize=1024%2C765&amp;ssl=1 1024w\" sizes=\"auto, (max-width: 535px) 100vw, 535px\" \/><\/a><\/p>\n","protected":false},"excerpt":{"rendered":"<p>Letztes Wochenende ging \u00a0eines der internationalen Top Events aus dem Bereich Wohnen &amp; Einrichtungsdesign glanzvoll \u00fcber die B\u00fchne &#8211; die\u00a0Maison &amp; Objet in Paris. Wir\u00a0hatten das Gl\u00fcck dabei zu sein und waren begeistert: Auf einer Ausstellungsfl\u00e4che von mehr als\u00a0130,000 m\u00b2\u00a0waren \u00fcber 3.000 Topmarken vertreten. Die Messe bot ein gro\u00dfes Repertoire an Designerm\u00f6bel, Einrichtungs- gegenst\u00e4nden und [&hellip;]<\/p>\n","protected":false},"author":1,"featured_media":0,"comment_status":"open","ping_status":"open","sticky":false,"template":"","format":"standard","meta":{"_jetpack_memberships_contains_paid_content":false,"footnotes":"","jetpack_publicize_message":"","jetpack_publicize_feature_enabled":true,"jetpack_social_post_already_shared":false,"jetpack_social_options":{"image_generator_settings":{"template":"highway","default_image_id":0,"font":"","enabled":false},"version":2}},"categories":[1348,6,1347,1342],"tags":[317,345,346,710,743,744,736,737,857,925],"class_list":["post-2213","post","type-post","status-publish","format-standard","hentry","category-alle","category-german","category-neuigkeiten-trends","category-unkategorisiert","tag-designermobel","tag-einrichtungsdesign","tag-einrichtungsmesse","tag-maisonobjet","tag-messe","tag-messebesuch","tag-mobel","tag-mobelmesse","tag-paris","tag-press-loft"],"yoast_head":"<!-- This site is optimized with the Yoast SEO plugin v23.4 - https:\/\/yoast.com\/wordpress\/plugins\/seo\/ -->\n<title>Eindr\u00fccke Maison &amp; Objet 2014 - Press Loft blog<\/title>\n<meta name=\"robots\" content=\"index, follow, max-snippet:-1, max-image-preview:large, max-video-preview:-1\" \/>\n<link rel=\"canonical\" href=\"https:\/\/blog.pressloft.com\/de\/2014\/02\/eindrucke-maison-objet-2014\/\" \/>\n<meta property=\"og:locale\" content=\"de_DE\" \/>\n<meta property=\"og:type\" content=\"article\" \/>\n<meta property=\"og:title\" content=\"Eindr\u00fccke Maison &amp; Objet 2014 - Press Loft blog\" \/>\n<meta property=\"og:description\" content=\"Letztes Wochenende ging \u00a0eines der internationalen Top Events aus dem Bereich Wohnen &amp; Einrichtungsdesign glanzvoll \u00fcber die B\u00fchne &#8211; die\u00a0Maison &amp; Objet in Paris. Wir\u00a0hatten das Gl\u00fcck dabei zu sein und waren begeistert: Auf einer Ausstellungsfl\u00e4che von mehr als\u00a0130,000 m\u00b2\u00a0waren \u00fcber 3.000 Topmarken vertreten. Die Messe bot ein gro\u00dfes Repertoire an Designerm\u00f6bel, Einrichtungs- gegenst\u00e4nden und [&hellip;]\" \/>\n<meta property=\"og:url\" content=\"https:\/\/blog.pressloft.com\/de\/2014\/02\/eindrucke-maison-objet-2014\/\" \/>\n<meta property=\"og:site_name\" content=\"Press Loft blog\" \/>\n<meta property=\"article:publisher\" content=\"https:\/\/www.facebook.com\/PressLoft\/?locale=en_GB\" \/>\n<meta property=\"article:published_time\" content=\"2014-02-04T16:32:30+00:00\" \/>\n<meta property=\"article:modified_time\" content=\"2017-01-30T04:16:18+00:00\" \/>\n<meta property=\"og:image\" content=\"https:\/\/blog.pressloft.com\/wp-content\/uploads\/2014\/02\/2014-02-05_0946.png\" \/>\n<meta name=\"author\" content=\"admin\" \/>\n<meta name=\"twitter:card\" content=\"summary_large_image\" \/>\n<meta name=\"twitter:label1\" content=\"Verfasst von\" \/>\n\t<meta name=\"twitter:data1\" content=\"admin\" \/>\n\t<meta name=\"twitter:label2\" content=\"Gesch\u00e4tzte Lesezeit\" \/>\n\t<meta name=\"twitter:data2\" content=\"1\u00a0Minute\" \/>\n<script type=\"application\/ld+json\" class=\"yoast-schema-graph\">{\"@context\":\"https:\/\/schema.org\",\"@graph\":[{\"@type\":\"Article\",\"@id\":\"https:\/\/blog.pressloft.com\/de\/2014\/02\/eindrucke-maison-objet-2014\/#article\",\"isPartOf\":{\"@id\":\"https:\/\/blog.pressloft.com\/de\/2014\/02\/eindrucke-maison-objet-2014\/\"},\"author\":{\"name\":\"admin\",\"@id\":\"https:\/\/blog.pressloft.com\/#\/schema\/person\/bb010c98319ad4ee10c12d4bbb62117d\"},\"headline\":\"Eindr\u00fccke Maison &#038; Objet 2014\",\"datePublished\":\"2014-02-04T16:32:30+00:00\",\"dateModified\":\"2017-01-30T04:16:18+00:00\",\"mainEntityOfPage\":{\"@id\":\"https:\/\/blog.pressloft.com\/de\/2014\/02\/eindrucke-maison-objet-2014\/\"},\"wordCount\":120,\"commentCount\":0,\"publisher\":{\"@id\":\"https:\/\/blog.pressloft.com\/#organization\"},\"image\":{\"@id\":\"https:\/\/blog.pressloft.com\/de\/2014\/02\/eindrucke-maison-objet-2014\/#primaryimage\"},\"thumbnailUrl\":\"https:\/\/blog.pressloft.com\/wp-content\/uploads\/2014\/02\/2014-02-05_0946.png\",\"keywords\":[\"Designerm\u00f6bel\",\"Einrichtungsdesign\",\"Einrichtungsmesse\",\"Maison&amp;Objet\",\"Messe\",\"Messebesuch\",\"M\u00f6bel\",\"M\u00f6belmesse\",\"Paris\",\"Press Loft\"],\"articleSection\":[\"Alle Beitr\u00e4ge\",\"German\",\"Neuigkeiten &amp; Trends\",\"Unkategorisiert\"],\"inLanguage\":\"de\",\"potentialAction\":[{\"@type\":\"CommentAction\",\"name\":\"Comment\",\"target\":[\"https:\/\/blog.pressloft.com\/de\/2014\/02\/eindrucke-maison-objet-2014\/#respond\"]}]},{\"@type\":\"WebPage\",\"@id\":\"https:\/\/blog.pressloft.com\/de\/2014\/02\/eindrucke-maison-objet-2014\/\",\"url\":\"https:\/\/blog.pressloft.com\/de\/2014\/02\/eindrucke-maison-objet-2014\/\",\"name\":\"Eindr\u00fccke Maison & Objet 2014 - Press Loft blog\",\"isPartOf\":{\"@id\":\"https:\/\/blog.pressloft.com\/#website\"},\"primaryImageOfPage\":{\"@id\":\"https:\/\/blog.pressloft.com\/de\/2014\/02\/eindrucke-maison-objet-2014\/#primaryimage\"},\"image\":{\"@id\":\"https:\/\/blog.pressloft.com\/de\/2014\/02\/eindrucke-maison-objet-2014\/#primaryimage\"},\"thumbnailUrl\":\"https:\/\/blog.pressloft.com\/wp-content\/uploads\/2014\/02\/2014-02-05_0946.png\",\"datePublished\":\"2014-02-04T16:32:30+00:00\",\"dateModified\":\"2017-01-30T04:16:18+00:00\",\"breadcrumb\":{\"@id\":\"https:\/\/blog.pressloft.com\/de\/2014\/02\/eindrucke-maison-objet-2014\/#breadcrumb\"},\"inLanguage\":\"de\",\"potentialAction\":[{\"@type\":\"ReadAction\",\"target\":[\"https:\/\/blog.pressloft.com\/de\/2014\/02\/eindrucke-maison-objet-2014\/\"]}]},{\"@type\":\"ImageObject\",\"inLanguage\":\"de\",\"@id\":\"https:\/\/blog.pressloft.com\/de\/2014\/02\/eindrucke-maison-objet-2014\/#primaryimage\",\"url\":\"https:\/\/blog.pressloft.com\/wp-content\/uploads\/2014\/02\/2014-02-05_0946.png\",\"contentUrl\":\"https:\/\/blog.pressloft.com\/wp-content\/uploads\/2014\/02\/2014-02-05_0946.png\"},{\"@type\":\"BreadcrumbList\",\"@id\":\"https:\/\/blog.pressloft.com\/de\/2014\/02\/eindrucke-maison-objet-2014\/#breadcrumb\",\"itemListElement\":[{\"@type\":\"ListItem\",\"position\":1,\"name\":\"Home\",\"item\":\"https:\/\/blog.pressloft.com\/\"},{\"@type\":\"ListItem\",\"position\":2,\"name\":\"Eindr\u00fccke Maison &#038; Objet 2014\"}]},{\"@type\":\"WebSite\",\"@id\":\"https:\/\/blog.pressloft.com\/#website\",\"url\":\"https:\/\/blog.pressloft.com\/\",\"name\":\"Press Loft blog\",\"description\":\"PR Made Simple\",\"publisher\":{\"@id\":\"https:\/\/blog.pressloft.com\/#organization\"},\"potentialAction\":[{\"@type\":\"SearchAction\",\"target\":{\"@type\":\"EntryPoint\",\"urlTemplate\":\"https:\/\/blog.pressloft.com\/?s={search_term_string}\"},\"query-input\":{\"@type\":\"PropertyValueSpecification\",\"valueRequired\":true,\"valueName\":\"search_term_string\"}}],\"inLanguage\":\"de\"},{\"@type\":\"Organization\",\"@id\":\"https:\/\/blog.pressloft.com\/#organization\",\"name\":\"Press Loft blog\",\"url\":\"https:\/\/blog.pressloft.com\/\",\"logo\":{\"@type\":\"ImageObject\",\"inLanguage\":\"de\",\"@id\":\"https:\/\/blog.pressloft.com\/#\/schema\/logo\/image\/\",\"url\":\"https:\/\/i0.wp.com\/blog.pressloft.com\/wp-content\/uploads\/2023\/09\/blog-logo.png?fit=272%2C90&ssl=1\",\"contentUrl\":\"https:\/\/i0.wp.com\/blog.pressloft.com\/wp-content\/uploads\/2023\/09\/blog-logo.png?fit=272%2C90&ssl=1\",\"width\":272,\"height\":90,\"caption\":\"Press Loft blog\"},\"image\":{\"@id\":\"https:\/\/blog.pressloft.com\/#\/schema\/logo\/image\/\"},\"sameAs\":[\"https:\/\/www.facebook.com\/PressLoft\/?locale=en_GB\",\"https:\/\/www.instagram.com\/pressloft\/?hl=en-gb\",\"https:\/\/uk.linkedin.com\/company\/pressloft\"]},{\"@type\":\"Person\",\"@id\":\"https:\/\/blog.pressloft.com\/#\/schema\/person\/bb010c98319ad4ee10c12d4bbb62117d\",\"name\":\"admin\",\"url\":\"https:\/\/blog.pressloft.com\/de\/author\/admin\/\"}]}<\/script>\n<!-- \/ Yoast SEO plugin. -->","yoast_head_json":{"title":"Eindr\u00fccke Maison & Objet 2014 - Press Loft blog","robots":{"index":"index","follow":"follow","max-snippet":"max-snippet:-1","max-image-preview":"max-image-preview:large","max-video-preview":"max-video-preview:-1"},"canonical":"https:\/\/blog.pressloft.com\/de\/2014\/02\/eindrucke-maison-objet-2014\/","og_locale":"de_DE","og_type":"article","og_title":"Eindr\u00fccke Maison & Objet 2014 - Press Loft blog","og_description":"Letztes Wochenende ging \u00a0eines der internationalen Top Events aus dem Bereich Wohnen &amp; Einrichtungsdesign glanzvoll \u00fcber die B\u00fchne &#8211; die\u00a0Maison &amp; Objet in Paris. Wir\u00a0hatten das Gl\u00fcck dabei zu sein und waren begeistert: Auf einer Ausstellungsfl\u00e4che von mehr als\u00a0130,000 m\u00b2\u00a0waren \u00fcber 3.000 Topmarken vertreten. Die Messe bot ein gro\u00dfes Repertoire an Designerm\u00f6bel, Einrichtungs- gegenst\u00e4nden und [&hellip;]","og_url":"https:\/\/blog.pressloft.com\/de\/2014\/02\/eindrucke-maison-objet-2014\/","og_site_name":"Press Loft blog","article_publisher":"https:\/\/www.facebook.com\/PressLoft\/?locale=en_GB","article_published_time":"2014-02-04T16:32:30+00:00","article_modified_time":"2017-01-30T04:16:18+00:00","og_image":[{"url":"https:\/\/blog.pressloft.com\/wp-content\/uploads\/2014\/02\/2014-02-05_0946.png"}],"author":"admin","twitter_card":"summary_large_image","twitter_misc":{"Verfasst von":"admin","Gesch\u00e4tzte Lesezeit":"1\u00a0Minute"},"schema":{"@context":"https:\/\/schema.org","@graph":[{"@type":"Article","@id":"https:\/\/blog.pressloft.com\/de\/2014\/02\/eindrucke-maison-objet-2014\/#article","isPartOf":{"@id":"https:\/\/blog.pressloft.com\/de\/2014\/02\/eindrucke-maison-objet-2014\/"},"author":{"name":"admin","@id":"https:\/\/blog.pressloft.com\/#\/schema\/person\/bb010c98319ad4ee10c12d4bbb62117d"},"headline":"Eindr\u00fccke Maison &#038; Objet 2014","datePublished":"2014-02-04T16:32:30+00:00","dateModified":"2017-01-30T04:16:18+00:00","mainEntityOfPage":{"@id":"https:\/\/blog.pressloft.com\/de\/2014\/02\/eindrucke-maison-objet-2014\/"},"wordCount":120,"commentCount":0,"publisher":{"@id":"https:\/\/blog.pressloft.com\/#organization"},"image":{"@id":"https:\/\/blog.pressloft.com\/de\/2014\/02\/eindrucke-maison-objet-2014\/#primaryimage"},"thumbnailUrl":"https:\/\/blog.pressloft.com\/wp-content\/uploads\/2014\/02\/2014-02-05_0946.png","keywords":["Designerm\u00f6bel","Einrichtungsdesign","Einrichtungsmesse","Maison&amp;Objet","Messe","Messebesuch","M\u00f6bel","M\u00f6belmesse","Paris","Press Loft"],"articleSection":["Alle Beitr\u00e4ge","German","Neuigkeiten &amp; Trends","Unkategorisiert"],"inLanguage":"de","potentialAction":[{"@type":"CommentAction","name":"Comment","target":["https:\/\/blog.pressloft.com\/de\/2014\/02\/eindrucke-maison-objet-2014\/#respond"]}]},{"@type":"WebPage","@id":"https:\/\/blog.pressloft.com\/de\/2014\/02\/eindrucke-maison-objet-2014\/","url":"https:\/\/blog.pressloft.com\/de\/2014\/02\/eindrucke-maison-objet-2014\/","name":"Eindr\u00fccke Maison & Objet 2014 - Press Loft blog","isPartOf":{"@id":"https:\/\/blog.pressloft.com\/#website"},"primaryImageOfPage":{"@id":"https:\/\/blog.pressloft.com\/de\/2014\/02\/eindrucke-maison-objet-2014\/#primaryimage"},"image":{"@id":"https:\/\/blog.pressloft.com\/de\/2014\/02\/eindrucke-maison-objet-2014\/#primaryimage"},"thumbnailUrl":"https:\/\/blog.pressloft.com\/wp-content\/uploads\/2014\/02\/2014-02-05_0946.png","datePublished":"2014-02-04T16:32:30+00:00","dateModified":"2017-01-30T04:16:18+00:00","breadcrumb":{"@id":"https:\/\/blog.pressloft.com\/de\/2014\/02\/eindrucke-maison-objet-2014\/#breadcrumb"},"inLanguage":"de","potentialAction":[{"@type":"ReadAction","target":["https:\/\/blog.pressloft.com\/de\/2014\/02\/eindrucke-maison-objet-2014\/"]}]},{"@type":"ImageObject","inLanguage":"de","@id":"https:\/\/blog.pressloft.com\/de\/2014\/02\/eindrucke-maison-objet-2014\/#primaryimage","url":"https:\/\/blog.pressloft.com\/wp-content\/uploads\/2014\/02\/2014-02-05_0946.png","contentUrl":"https:\/\/blog.pressloft.com\/wp-content\/uploads\/2014\/02\/2014-02-05_0946.png"},{"@type":"BreadcrumbList","@id":"https:\/\/blog.pressloft.com\/de\/2014\/02\/eindrucke-maison-objet-2014\/#breadcrumb","itemListElement":[{"@type":"ListItem","position":1,"name":"Home","item":"https:\/\/blog.pressloft.com\/"},{"@type":"ListItem","position":2,"name":"Eindr\u00fccke Maison &#038; Objet 2014"}]},{"@type":"WebSite","@id":"https:\/\/blog.pressloft.com\/#website","url":"https:\/\/blog.pressloft.com\/","name":"Press Loft blog","description":"PR Made Simple","publisher":{"@id":"https:\/\/blog.pressloft.com\/#organization"},"potentialAction":[{"@type":"SearchAction","target":{"@type":"EntryPoint","urlTemplate":"https:\/\/blog.pressloft.com\/?s={search_term_string}"},"query-input":{"@type":"PropertyValueSpecification","valueRequired":true,"valueName":"search_term_string"}}],"inLanguage":"de"},{"@type":"Organization","@id":"https:\/\/blog.pressloft.com\/#organization","name":"Press Loft blog","url":"https:\/\/blog.pressloft.com\/","logo":{"@type":"ImageObject","inLanguage":"de","@id":"https:\/\/blog.pressloft.com\/#\/schema\/logo\/image\/","url":"https:\/\/i0.wp.com\/blog.pressloft.com\/wp-content\/uploads\/2023\/09\/blog-logo.png?fit=272%2C90&ssl=1","contentUrl":"https:\/\/i0.wp.com\/blog.pressloft.com\/wp-content\/uploads\/2023\/09\/blog-logo.png?fit=272%2C90&ssl=1","width":272,"height":90,"caption":"Press Loft blog"},"image":{"@id":"https:\/\/blog.pressloft.com\/#\/schema\/logo\/image\/"},"sameAs":["https:\/\/www.facebook.com\/PressLoft\/?locale=en_GB","https:\/\/www.instagram.com\/pressloft\/?hl=en-gb","https:\/\/uk.linkedin.com\/company\/pressloft"]},{"@type":"Person","@id":"https:\/\/blog.pressloft.com\/#\/schema\/person\/bb010c98319ad4ee10c12d4bbb62117d","name":"admin","url":"https:\/\/blog.pressloft.com\/de\/author\/admin\/"}]}},"jetpack_publicize_connections":[],"jetpack_featured_media_url":"","jetpack_sharing_enabled":true,"jetpack_shortlink":"https:\/\/wp.me\/pbvzo7-zH","_links":{"self":[{"href":"https:\/\/blog.pressloft.com\/de\/wp-json\/wp\/v2\/posts\/2213\/"}],"collection":[{"href":"https:\/\/blog.pressloft.com\/de\/wp-json\/wp\/v2\/posts\/"}],"about":[{"href":"https:\/\/blog.pressloft.com\/de\/wp-json\/wp\/v2\/types\/post\/"}],"author":[{"embeddable":true,"href":"https:\/\/blog.pressloft.com\/de\/wp-json\/wp\/v2\/users\/1\/"}],"replies":[{"embeddable":true,"href":"https:\/\/blog.pressloft.com\/de\/wp-json\/wp\/v2\/comments\/?post=2213"}],"version-history":[{"count":1,"href":"https:\/\/blog.pressloft.com\/de\/wp-json\/wp\/v2\/posts\/2213\/revisions\/"}],"predecessor-version":[{"id":9371,"href":"https:\/\/blog.pressloft.com\/de\/wp-json\/wp\/v2\/posts\/2213\/revisions\/9371\/"}],"wp:attachment":[{"href":"https:\/\/blog.pressloft.com\/de\/wp-json\/wp\/v2\/media\/?parent=2213"}],"wp:term":[{"taxonomy":"category","embeddable":true,"href":"https:\/\/blog.pressloft.com\/de\/wp-json\/wp\/v2\/categories\/?post=2213"},{"taxonomy":"post_tag","embeddable":true,"href":"https:\/\/blog.pressloft.com\/de\/wp-json\/wp\/v2\/tags\/?post=2213"}],"curies":[{"name":"wp","href":"https:\/\/api.w.org\/{rel}","templated":true}]}}