{"id":2352,"date":"2014-02-11T16:58:45","date_gmt":"2014-02-11T16:58:45","guid":{"rendered":"http:\/\/pressloft.wordpress.com\/?p=2352"},"modified":"2017-01-30T04:16:15","modified_gmt":"2017-01-30T04:16:15","slug":"ambiente-frankfurt-2014","status":"publish","type":"post","link":"https:\/\/blog.pressloft.com\/de\/2014\/02\/ambiente-frankfurt-2014\/","title":{"rendered":"Ambiente Frankfurt 2014"},"content":{"rendered":"<p><strong>&#8222;Dining, Giving und Living&#8220;<\/strong><\/p>\n<p>Das Press Loft Team durfte auf der &#8222;international bedeutendsten Konsumg\u00fctermesse&#8220; (ambiente.frankfurt.com) aus dem Bereich\u00a0<span style=\"line-height: 1.5em;\">Schenken, Lifestyle und Wohnen\u00a0<\/span><span style=\"line-height: 1.5em;\">nat\u00fcrlich nicht fehlen. Daher haben wir uns gemeinsam auf den Weg gemacht, um die neuesten Trends und Designs auf der diesj\u00e4hrigen Ambiente aufzusp\u00fcren. Wir wurden nicht entt\u00e4uscht:<\/span><\/p>\n<figure id=\"attachment_2356\" aria-describedby=\"caption-attachment-2356\" style=\"width: 300px\" class=\"wp-caption alignright\"><a href=\"http:\/\/shushu-munich.com\/\"><img data-recalc-dims=\"1\" loading=\"lazy\" decoding=\"async\" class=\"size-medium wp-image-2356 \" title=\" SHU SHU \u2013 Contemporary Japanese Design\" src=\"https:\/\/i0.wp.com\/blog.pressloft.com\/wp-content\/uploads\/2014\/02\/img_0220.jpg?resize=300%2C224&#038;ssl=1\" alt=\"IMG_0220\" width=\"300\" height=\"224\" srcset=\"https:\/\/i0.wp.com\/blog.pressloft.com\/wp-content\/uploads\/2014\/02\/img_0220.jpg?w=2592&amp;ssl=1 2592w, https:\/\/i0.wp.com\/blog.pressloft.com\/wp-content\/uploads\/2014\/02\/img_0220.jpg?resize=300%2C224&amp;ssl=1 300w, https:\/\/i0.wp.com\/blog.pressloft.com\/wp-content\/uploads\/2014\/02\/img_0220.jpg?resize=768%2C574&amp;ssl=1 768w, https:\/\/i0.wp.com\/blog.pressloft.com\/wp-content\/uploads\/2014\/02\/img_0220.jpg?resize=1024%2C765&amp;ssl=1 1024w, https:\/\/i0.wp.com\/blog.pressloft.com\/wp-content\/uploads\/2014\/02\/img_0220.jpg?w=1280&amp;ssl=1 1280w, https:\/\/i0.wp.com\/blog.pressloft.com\/wp-content\/uploads\/2014\/02\/img_0220.jpg?w=1920&amp;ssl=1 1920w\" sizes=\"auto, (max-width: 300px) 100vw, 300px\" \/><\/a><figcaption id=\"caption-attachment-2356\" class=\"wp-caption-text\">SHU SHU \u2013 Contemporary Japanese Design<\/figcaption><\/figure>\n<p>In 27 Ausstellungshallen\u00a0<span style=\"line-height: 1.5em;\">pr\u00e4sentierten \u00fc<\/span><span style=\"line-height: 1.5em;\">ber 4.700 Aussteller Ihre innovativen Produktneuheiten. Es waren Unternehmen und Designer aus \u00fcber 80 L\u00e4nder vertreten. Wir haben uns erfol<\/span><span style=\"line-height: 1.5em;\">greich einen Weg durch die 140.000 Besucher gebahnt und mit unserer Kamera die sch\u00f6nsten Trends f\u00fcr euch eingefangen.\u00a0<\/span><\/p>\n<p><span style=\"line-height: 1.5em;\">Eine Besonderheit der Messe war das diesj\u00e4hrige Partnerland\u00a0<\/span><span style=\"line-height: 1.5em;\">\u00a0<\/span><span style=\"line-height: 1.5em;\">Japan, welches als erstes au\u00dfereurop\u00e4isches Land auserkoren wurde. Eine Vielfalt an Pr\u00e4sentationen, Events und Aktionen brachte den Besuchern die Trends und Lifestyles des &#8222;Landes der aufgehenden Sonne&#8220; n\u00e4her.\u00a0<\/span><\/p>\n<p>&#8222;<a href=\"http:\/\/ambiente.messefrankfurt.com\/frankfurt\/de\/besucher\/events\/trends\/stunning-temper.html\">Stunning Temper<\/a>&#8222;, &#8222;<a href=\"http:\/\/ambiente.messefrankfurt.com\/frankfurt\/de\/besucher\/events\/trends\/subtle-spirit.html\">Subtle Spirit<\/a>&#8222;, &#8222;<a href=\"http:\/\/ambiente.messefrankfurt.com\/frankfurt\/de\/besucher\/events\/trends\/serene-nature.html\">Serene Nature<\/a>&#8220; und &#8222;<a href=\"http:\/\/ambiente.messefrankfurt.com\/frankfurt\/de\/besucher\/events\/trends\/striking-mind.html\">Striking Mind<\/a>&#8220; heissen die Trends dieses Jahres (ambiente.frankfurt.com). Unsere Favoriten der diesj\u00e4hrigen Messe findet Ihr hier:<!--more--><\/p>\n<figure id=\"attachment_2378\" aria-describedby=\"caption-attachment-2378\" style=\"width: 594px\" class=\"wp-caption aligncenter\"><a href=\"http:\/\/ambiente.messefrankfurt.com\/frankfurt\/de\/besucher\/events\/trends\/stunning-temper.html\"><img data-recalc-dims=\"1\" loading=\"lazy\" decoding=\"async\" class=\"size-large wp-image-2378\" title=\"Stunning Temper by ambiente2014\" src=\"https:\/\/i0.wp.com\/blog.pressloft.com\/wp-content\/uploads\/2014\/02\/2014-02-11_1443.png?resize=594%2C445&#038;ssl=1\" alt=\"2014-02-11_1443\" width=\"594\" height=\"445\" srcset=\"https:\/\/i0.wp.com\/blog.pressloft.com\/wp-content\/uploads\/2014\/02\/2014-02-11_1443.png?w=1245&amp;ssl=1 1245w, https:\/\/i0.wp.com\/blog.pressloft.com\/wp-content\/uploads\/2014\/02\/2014-02-11_1443.png?resize=300%2C225&amp;ssl=1 300w, https:\/\/i0.wp.com\/blog.pressloft.com\/wp-content\/uploads\/2014\/02\/2014-02-11_1443.png?resize=768%2C576&amp;ssl=1 768w, https:\/\/i0.wp.com\/blog.pressloft.com\/wp-content\/uploads\/2014\/02\/2014-02-11_1443.png?resize=1024%2C767&amp;ssl=1 1024w\" sizes=\"auto, (max-width: 594px) 100vw, 594px\" \/><\/a><figcaption id=\"caption-attachment-2378\" class=\"wp-caption-text\">Stunning Temper by ambiente2014<\/figcaption><\/figure>\n<figure id=\"attachment_2379\" aria-describedby=\"caption-attachment-2379\" style=\"width: 594px\" class=\"wp-caption aligncenter\"><a href=\"http:\/\/www.proflax.de\/\"><img data-recalc-dims=\"1\" loading=\"lazy\" decoding=\"async\" class=\"size-large wp-image-2379\" title=\"Proflax\" src=\"https:\/\/i0.wp.com\/blog.pressloft.com\/wp-content\/uploads\/2014\/02\/2014-02-11_1440.png?resize=594%2C552&#038;ssl=1\" alt=\"2014-02-11_1440\" width=\"594\" height=\"552\" srcset=\"https:\/\/i0.wp.com\/blog.pressloft.com\/wp-content\/uploads\/2014\/02\/2014-02-11_1440.png?w=998&amp;ssl=1 998w, https:\/\/i0.wp.com\/blog.pressloft.com\/wp-content\/uploads\/2014\/02\/2014-02-11_1440.png?resize=300%2C279&amp;ssl=1 300w, https:\/\/i0.wp.com\/blog.pressloft.com\/wp-content\/uploads\/2014\/02\/2014-02-11_1440.png?resize=768%2C715&amp;ssl=1 768w\" sizes=\"auto, (max-width: 594px) 100vw, 594px\" \/><\/a><figcaption id=\"caption-attachment-2379\" class=\"wp-caption-text\">Proflax<\/figcaption><\/figure>\n<figure id=\"attachment_2375\" aria-describedby=\"caption-attachment-2375\" style=\"width: 594px\" class=\"wp-caption aligncenter\"><a href=\"https:\/\/www.villeroy-boch.co.uk\/\"><img data-recalc-dims=\"1\" loading=\"lazy\" decoding=\"async\" class=\"size-large wp-image-2375\" title=\"Villeroy &amp; Boch\" src=\"https:\/\/i0.wp.com\/blog.pressloft.com\/wp-content\/uploads\/2014\/02\/2014-02-11_1426.png?resize=594%2C468&#038;ssl=1\" alt=\"2014-02-11_1426\" width=\"594\" height=\"468\" srcset=\"https:\/\/i0.wp.com\/blog.pressloft.com\/wp-content\/uploads\/2014\/02\/2014-02-11_1426.png?w=1113&amp;ssl=1 1113w, https:\/\/i0.wp.com\/blog.pressloft.com\/wp-content\/uploads\/2014\/02\/2014-02-11_1426.png?resize=300%2C237&amp;ssl=1 300w, https:\/\/i0.wp.com\/blog.pressloft.com\/wp-content\/uploads\/2014\/02\/2014-02-11_1426.png?resize=768%2C606&amp;ssl=1 768w, https:\/\/i0.wp.com\/blog.pressloft.com\/wp-content\/uploads\/2014\/02\/2014-02-11_1426.png?resize=1024%2C808&amp;ssl=1 1024w\" sizes=\"auto, (max-width: 594px) 100vw, 594px\" \/><\/a><figcaption id=\"caption-attachment-2375\" class=\"wp-caption-text\">Villeroy &amp; Boch<\/figcaption><\/figure>\n<figure id=\"attachment_2374\" aria-describedby=\"caption-attachment-2374\" style=\"width: 594px\" class=\"wp-caption aligncenter\"><a href=\"http:\/\/diamantinidomeniconi.it\/clocks\"><img data-recalc-dims=\"1\" loading=\"lazy\" decoding=\"async\" class=\"size-large wp-image-2374\" title=\"Diamantini &amp; Domeniconi\" src=\"https:\/\/i0.wp.com\/blog.pressloft.com\/wp-content\/uploads\/2014\/02\/2014-02-11_1424.png?resize=594%2C448&#038;ssl=1\" alt=\"2014-02-11_1424\" width=\"594\" height=\"448\" srcset=\"https:\/\/i0.wp.com\/blog.pressloft.com\/wp-content\/uploads\/2014\/02\/2014-02-11_1424.png?w=1140&amp;ssl=1 1140w, https:\/\/i0.wp.com\/blog.pressloft.com\/wp-content\/uploads\/2014\/02\/2014-02-11_1424.png?resize=300%2C226&amp;ssl=1 300w, https:\/\/i0.wp.com\/blog.pressloft.com\/wp-content\/uploads\/2014\/02\/2014-02-11_1424.png?resize=768%2C579&amp;ssl=1 768w, https:\/\/i0.wp.com\/blog.pressloft.com\/wp-content\/uploads\/2014\/02\/2014-02-11_1424.png?resize=1024%2C772&amp;ssl=1 1024w\" sizes=\"auto, (max-width: 594px) 100vw, 594px\" \/><\/a><figcaption id=\"caption-attachment-2374\" class=\"wp-caption-text\">Diamantini &amp; Domeniconi<\/figcaption><\/figure>\n<figure id=\"attachment_2371\" aria-describedby=\"caption-attachment-2371\" style=\"width: 594px\" class=\"wp-caption aligncenter\"><a href=\"http:\/\/www.kare-design.com\/de\/start\/\"><img data-recalc-dims=\"1\" loading=\"lazy\" decoding=\"async\" class=\"size-large wp-image-2371\" title=\"KARE desing - Ambiente 2014\" src=\"https:\/\/i0.wp.com\/blog.pressloft.com\/wp-content\/uploads\/2014\/02\/2014-02-11_1409.png?resize=594%2C849&#038;ssl=1\" alt=\"2014-02-11_1409\" width=\"594\" height=\"849\" srcset=\"https:\/\/i0.wp.com\/blog.pressloft.com\/wp-content\/uploads\/2014\/02\/2014-02-11_1409.png?w=601&amp;ssl=1 601w, https:\/\/i0.wp.com\/blog.pressloft.com\/wp-content\/uploads\/2014\/02\/2014-02-11_1409.png?resize=210%2C300&amp;ssl=1 210w\" sizes=\"auto, (max-width: 594px) 100vw, 594px\" \/><\/a><figcaption id=\"caption-attachment-2371\" class=\"wp-caption-text\">KARE design<\/figcaption><\/figure>\n<figure id=\"attachment_2372\" aria-describedby=\"caption-attachment-2372\" style=\"width: 594px\" class=\"wp-caption aligncenter\"><a href=\"http:\/\/www.goldbach-geschenkartikel.de\/\"><img data-recalc-dims=\"1\" loading=\"lazy\" decoding=\"async\" class=\"size-large wp-image-2372\" title=\"Goldbach Geschenkartikel GmbH\" src=\"https:\/\/i0.wp.com\/blog.pressloft.com\/wp-content\/uploads\/2014\/02\/2014-02-11_1417.png?resize=594%2C458&#038;ssl=1\" alt=\"2014-02-11_1417\" width=\"594\" height=\"458\" srcset=\"https:\/\/i0.wp.com\/blog.pressloft.com\/wp-content\/uploads\/2014\/02\/2014-02-11_1417.png?w=618&amp;ssl=1 618w, https:\/\/i0.wp.com\/blog.pressloft.com\/wp-content\/uploads\/2014\/02\/2014-02-11_1417.png?resize=300%2C232&amp;ssl=1 300w\" sizes=\"auto, (max-width: 594px) 100vw, 594px\" \/><\/a><figcaption id=\"caption-attachment-2372\" class=\"wp-caption-text\">Goldbach Geschenkartikel GmbH<\/figcaption><\/figure>\n<figure id=\"attachment_2377\" aria-describedby=\"caption-attachment-2377\" style=\"width: 600px\" class=\"wp-caption aligncenter\"><a href=\"http:\/\/www.rexinter.com\/\"><img data-recalc-dims=\"1\" loading=\"lazy\" decoding=\"async\" class=\" wp-image-2377\" title=\"REX\" src=\"https:\/\/i0.wp.com\/blog.pressloft.com\/wp-content\/uploads\/2014\/02\/2014-02-11_1438.png?resize=600%2C829&#038;ssl=1\" alt=\"2014-02-11_1438\" width=\"600\" height=\"829\" \/><\/a><figcaption id=\"caption-attachment-2377\" class=\"wp-caption-text\">REX<\/figcaption><\/figure>\n<figure id=\"attachment_2376\" aria-describedby=\"caption-attachment-2376\" style=\"width: 594px\" class=\"wp-caption aligncenter\"><a href=\"http:\/\/roomcopenhagen.com\/\"><img data-recalc-dims=\"1\" loading=\"lazy\" decoding=\"async\" class=\"size-large wp-image-2376\" title=\"ROOM Copenhagen\" src=\"https:\/\/i0.wp.com\/blog.pressloft.com\/wp-content\/uploads\/2014\/02\/2014-02-11_1432.png?resize=594%2C608&#038;ssl=1\" alt=\"2014-02-11_1432\" width=\"594\" height=\"608\" srcset=\"https:\/\/i0.wp.com\/blog.pressloft.com\/wp-content\/uploads\/2014\/02\/2014-02-11_1432.png?w=602&amp;ssl=1 602w, https:\/\/i0.wp.com\/blog.pressloft.com\/wp-content\/uploads\/2014\/02\/2014-02-11_1432.png?resize=293%2C300&amp;ssl=1 293w\" sizes=\"auto, (max-width: 594px) 100vw, 594px\" \/><\/a><figcaption id=\"caption-attachment-2376\" class=\"wp-caption-text\">ROOM Copenhagen<\/figcaption><\/figure>\n","protected":false},"excerpt":{"rendered":"<p>&#8222;Dining, Giving und Living&#8220; Das Press Loft Team durfte auf der &#8222;international bedeutendsten Konsumg\u00fctermesse&#8220; (ambiente.frankfurt.com) aus dem Bereich\u00a0Schenken, Lifestyle und Wohnen\u00a0nat\u00fcrlich nicht fehlen. Daher haben wir uns gemeinsam auf den Weg gemacht, um die neuesten Trends und Designs auf der diesj\u00e4hrigen Ambiente aufzusp\u00fcren. Wir wurden nicht entt\u00e4uscht: In 27 Ausstellungshallen\u00a0pr\u00e4sentierten \u00fcber 4.700 Aussteller Ihre innovativen [&hellip;]<\/p>\n","protected":false},"author":1,"featured_media":0,"comment_status":"open","ping_status":"open","sticky":false,"template":"","format":"standard","meta":{"_jetpack_memberships_contains_paid_content":false,"footnotes":"","jetpack_publicize_message":"","jetpack_publicize_feature_enabled":true,"jetpack_social_post_already_shared":false,"jetpack_social_options":{"image_generator_settings":{"template":"highway","default_image_id":0,"font":"","enabled":false},"version":2}},"categories":[1348,6,1345,1347,1342],"tags":[20,53,54,146,302,322,427,449,628,743,902,925,967,1021,1067,1115,1193,1233],"class_list":["post-2352","post","type-post","status-publish","format-standard","hentry","category-alle","category-german","category-pr-marketing-tipps","category-neuigkeiten-trends","category-unkategorisiert","tag-20","tag-ambiente","tag-ambiente2014","tag-boch","tag-design","tag-diamantini","tag-frankfurt","tag-gunstig","tag-kare","tag-messe","tag-pr","tag-press-loft","tag-proflax","tag-rex","tag-service","tag-stunning-temper","tag-trends","tag-villeroy"],"yoast_head":"<!-- This site is optimized with the Yoast SEO plugin v23.4 - https:\/\/yoast.com\/wordpress\/plugins\/seo\/ -->\n<title>Ambiente Frankfurt 2014 - Press Loft blog<\/title>\n<meta name=\"robots\" content=\"index, follow, max-snippet:-1, max-image-preview:large, max-video-preview:-1\" \/>\n<link rel=\"canonical\" href=\"https:\/\/blog.pressloft.com\/de\/2014\/02\/ambiente-frankfurt-2014\/\" \/>\n<meta property=\"og:locale\" content=\"de_DE\" \/>\n<meta property=\"og:type\" content=\"article\" \/>\n<meta property=\"og:title\" content=\"Ambiente Frankfurt 2014 - Press Loft blog\" \/>\n<meta property=\"og:description\" content=\"&#8222;Dining, Giving und Living&#8220; Das Press Loft Team durfte auf der &#8222;international bedeutendsten Konsumg\u00fctermesse&#8220; (ambiente.frankfurt.com) aus dem Bereich\u00a0Schenken, Lifestyle und Wohnen\u00a0nat\u00fcrlich nicht fehlen. Daher haben wir uns gemeinsam auf den Weg gemacht, um die neuesten Trends und Designs auf der diesj\u00e4hrigen Ambiente aufzusp\u00fcren. Wir wurden nicht entt\u00e4uscht: In 27 Ausstellungshallen\u00a0pr\u00e4sentierten \u00fcber 4.700 Aussteller Ihre innovativen [&hellip;]\" \/>\n<meta property=\"og:url\" content=\"https:\/\/blog.pressloft.com\/de\/2014\/02\/ambiente-frankfurt-2014\/\" \/>\n<meta property=\"og:site_name\" content=\"Press Loft blog\" \/>\n<meta property=\"article:publisher\" content=\"https:\/\/www.facebook.com\/PressLoft\/?locale=en_GB\" \/>\n<meta property=\"article:published_time\" content=\"2014-02-11T16:58:45+00:00\" \/>\n<meta property=\"article:modified_time\" content=\"2017-01-30T04:16:15+00:00\" \/>\n<meta property=\"og:image\" content=\"https:\/\/blog.pressloft.com\/wp-content\/uploads\/2014\/02\/img_0220.jpg?w=300\" \/>\n<meta name=\"author\" content=\"admin\" \/>\n<meta name=\"twitter:card\" content=\"summary_large_image\" \/>\n<meta name=\"twitter:label1\" content=\"Verfasst von\" \/>\n\t<meta name=\"twitter:data1\" content=\"admin\" \/>\n\t<meta name=\"twitter:label2\" content=\"Gesch\u00e4tzte Lesezeit\" \/>\n\t<meta name=\"twitter:data2\" content=\"1\u00a0Minute\" \/>\n<script type=\"application\/ld+json\" class=\"yoast-schema-graph\">{\"@context\":\"https:\/\/schema.org\",\"@graph\":[{\"@type\":\"Article\",\"@id\":\"https:\/\/blog.pressloft.com\/de\/2014\/02\/ambiente-frankfurt-2014\/#article\",\"isPartOf\":{\"@id\":\"https:\/\/blog.pressloft.com\/de\/2014\/02\/ambiente-frankfurt-2014\/\"},\"author\":{\"name\":\"admin\",\"@id\":\"https:\/\/blog.pressloft.com\/#\/schema\/person\/bb010c98319ad4ee10c12d4bbb62117d\"},\"headline\":\"Ambiente Frankfurt 2014\",\"datePublished\":\"2014-02-11T16:58:45+00:00\",\"dateModified\":\"2017-01-30T04:16:15+00:00\",\"mainEntityOfPage\":{\"@id\":\"https:\/\/blog.pressloft.com\/de\/2014\/02\/ambiente-frankfurt-2014\/\"},\"wordCount\":254,\"commentCount\":0,\"publisher\":{\"@id\":\"https:\/\/blog.pressloft.com\/#organization\"},\"image\":{\"@id\":\"https:\/\/blog.pressloft.com\/de\/2014\/02\/ambiente-frankfurt-2014\/#primaryimage\"},\"thumbnailUrl\":\"https:\/\/blog.pressloft.com\/wp-content\/uploads\/2014\/02\/img_0220.jpg?w=300\",\"keywords\":[\"2014\",\"ambiente\",\"ambiente2014\",\"Boch\",\"design\",\"Diamantini\",\"Frankfurt\",\"g\u00fcnstig\",\"KARE\",\"Messe\",\"pr\",\"Press Loft\",\"Proflax\",\"Rex\",\"Service\",\"Stunning Temper\",\"trends\",\"Villeroy\"],\"articleSection\":[\"Alle Beitr\u00e4ge\",\"German\",\"PR &amp; Marketing-Tipps\",\"Neuigkeiten &amp; Trends\",\"Unkategorisiert\"],\"inLanguage\":\"de\",\"potentialAction\":[{\"@type\":\"CommentAction\",\"name\":\"Comment\",\"target\":[\"https:\/\/blog.pressloft.com\/de\/2014\/02\/ambiente-frankfurt-2014\/#respond\"]}]},{\"@type\":\"WebPage\",\"@id\":\"https:\/\/blog.pressloft.com\/de\/2014\/02\/ambiente-frankfurt-2014\/\",\"url\":\"https:\/\/blog.pressloft.com\/de\/2014\/02\/ambiente-frankfurt-2014\/\",\"name\":\"Ambiente Frankfurt 2014 - Press Loft blog\",\"isPartOf\":{\"@id\":\"https:\/\/blog.pressloft.com\/#website\"},\"primaryImageOfPage\":{\"@id\":\"https:\/\/blog.pressloft.com\/de\/2014\/02\/ambiente-frankfurt-2014\/#primaryimage\"},\"image\":{\"@id\":\"https:\/\/blog.pressloft.com\/de\/2014\/02\/ambiente-frankfurt-2014\/#primaryimage\"},\"thumbnailUrl\":\"https:\/\/blog.pressloft.com\/wp-content\/uploads\/2014\/02\/img_0220.jpg?w=300\",\"datePublished\":\"2014-02-11T16:58:45+00:00\",\"dateModified\":\"2017-01-30T04:16:15+00:00\",\"breadcrumb\":{\"@id\":\"https:\/\/blog.pressloft.com\/de\/2014\/02\/ambiente-frankfurt-2014\/#breadcrumb\"},\"inLanguage\":\"de\",\"potentialAction\":[{\"@type\":\"ReadAction\",\"target\":[\"https:\/\/blog.pressloft.com\/de\/2014\/02\/ambiente-frankfurt-2014\/\"]}]},{\"@type\":\"ImageObject\",\"inLanguage\":\"de\",\"@id\":\"https:\/\/blog.pressloft.com\/de\/2014\/02\/ambiente-frankfurt-2014\/#primaryimage\",\"url\":\"https:\/\/blog.pressloft.com\/wp-content\/uploads\/2014\/02\/img_0220.jpg?w=300\",\"contentUrl\":\"https:\/\/blog.pressloft.com\/wp-content\/uploads\/2014\/02\/img_0220.jpg?w=300\"},{\"@type\":\"BreadcrumbList\",\"@id\":\"https:\/\/blog.pressloft.com\/de\/2014\/02\/ambiente-frankfurt-2014\/#breadcrumb\",\"itemListElement\":[{\"@type\":\"ListItem\",\"position\":1,\"name\":\"Home\",\"item\":\"https:\/\/blog.pressloft.com\/\"},{\"@type\":\"ListItem\",\"position\":2,\"name\":\"Ambiente Frankfurt 2014\"}]},{\"@type\":\"WebSite\",\"@id\":\"https:\/\/blog.pressloft.com\/#website\",\"url\":\"https:\/\/blog.pressloft.com\/\",\"name\":\"Press Loft blog\",\"description\":\"PR Made Simple\",\"publisher\":{\"@id\":\"https:\/\/blog.pressloft.com\/#organization\"},\"potentialAction\":[{\"@type\":\"SearchAction\",\"target\":{\"@type\":\"EntryPoint\",\"urlTemplate\":\"https:\/\/blog.pressloft.com\/?s={search_term_string}\"},\"query-input\":{\"@type\":\"PropertyValueSpecification\",\"valueRequired\":true,\"valueName\":\"search_term_string\"}}],\"inLanguage\":\"de\"},{\"@type\":\"Organization\",\"@id\":\"https:\/\/blog.pressloft.com\/#organization\",\"name\":\"Press Loft blog\",\"url\":\"https:\/\/blog.pressloft.com\/\",\"logo\":{\"@type\":\"ImageObject\",\"inLanguage\":\"de\",\"@id\":\"https:\/\/blog.pressloft.com\/#\/schema\/logo\/image\/\",\"url\":\"https:\/\/i0.wp.com\/blog.pressloft.com\/wp-content\/uploads\/2023\/09\/blog-logo.png?fit=272%2C90&ssl=1\",\"contentUrl\":\"https:\/\/i0.wp.com\/blog.pressloft.com\/wp-content\/uploads\/2023\/09\/blog-logo.png?fit=272%2C90&ssl=1\",\"width\":272,\"height\":90,\"caption\":\"Press Loft blog\"},\"image\":{\"@id\":\"https:\/\/blog.pressloft.com\/#\/schema\/logo\/image\/\"},\"sameAs\":[\"https:\/\/www.facebook.com\/PressLoft\/?locale=en_GB\",\"https:\/\/www.instagram.com\/pressloft\/?hl=en-gb\",\"https:\/\/uk.linkedin.com\/company\/pressloft\"]},{\"@type\":\"Person\",\"@id\":\"https:\/\/blog.pressloft.com\/#\/schema\/person\/bb010c98319ad4ee10c12d4bbb62117d\",\"name\":\"admin\",\"url\":\"https:\/\/blog.pressloft.com\/de\/author\/admin\/\"}]}<\/script>\n<!-- \/ Yoast SEO plugin. -->","yoast_head_json":{"title":"Ambiente Frankfurt 2014 - Press Loft blog","robots":{"index":"index","follow":"follow","max-snippet":"max-snippet:-1","max-image-preview":"max-image-preview:large","max-video-preview":"max-video-preview:-1"},"canonical":"https:\/\/blog.pressloft.com\/de\/2014\/02\/ambiente-frankfurt-2014\/","og_locale":"de_DE","og_type":"article","og_title":"Ambiente Frankfurt 2014 - Press Loft blog","og_description":"&#8222;Dining, Giving und Living&#8220; Das Press Loft Team durfte auf der &#8222;international bedeutendsten Konsumg\u00fctermesse&#8220; (ambiente.frankfurt.com) aus dem Bereich\u00a0Schenken, Lifestyle und Wohnen\u00a0nat\u00fcrlich nicht fehlen. Daher haben wir uns gemeinsam auf den Weg gemacht, um die neuesten Trends und Designs auf der diesj\u00e4hrigen Ambiente aufzusp\u00fcren. Wir wurden nicht entt\u00e4uscht: In 27 Ausstellungshallen\u00a0pr\u00e4sentierten \u00fcber 4.700 Aussteller Ihre innovativen [&hellip;]","og_url":"https:\/\/blog.pressloft.com\/de\/2014\/02\/ambiente-frankfurt-2014\/","og_site_name":"Press Loft blog","article_publisher":"https:\/\/www.facebook.com\/PressLoft\/?locale=en_GB","article_published_time":"2014-02-11T16:58:45+00:00","article_modified_time":"2017-01-30T04:16:15+00:00","og_image":[{"url":"https:\/\/blog.pressloft.com\/wp-content\/uploads\/2014\/02\/img_0220.jpg?w=300"}],"author":"admin","twitter_card":"summary_large_image","twitter_misc":{"Verfasst von":"admin","Gesch\u00e4tzte Lesezeit":"1\u00a0Minute"},"schema":{"@context":"https:\/\/schema.org","@graph":[{"@type":"Article","@id":"https:\/\/blog.pressloft.com\/de\/2014\/02\/ambiente-frankfurt-2014\/#article","isPartOf":{"@id":"https:\/\/blog.pressloft.com\/de\/2014\/02\/ambiente-frankfurt-2014\/"},"author":{"name":"admin","@id":"https:\/\/blog.pressloft.com\/#\/schema\/person\/bb010c98319ad4ee10c12d4bbb62117d"},"headline":"Ambiente Frankfurt 2014","datePublished":"2014-02-11T16:58:45+00:00","dateModified":"2017-01-30T04:16:15+00:00","mainEntityOfPage":{"@id":"https:\/\/blog.pressloft.com\/de\/2014\/02\/ambiente-frankfurt-2014\/"},"wordCount":254,"commentCount":0,"publisher":{"@id":"https:\/\/blog.pressloft.com\/#organization"},"image":{"@id":"https:\/\/blog.pressloft.com\/de\/2014\/02\/ambiente-frankfurt-2014\/#primaryimage"},"thumbnailUrl":"https:\/\/blog.pressloft.com\/wp-content\/uploads\/2014\/02\/img_0220.jpg?w=300","keywords":["2014","ambiente","ambiente2014","Boch","design","Diamantini","Frankfurt","g\u00fcnstig","KARE","Messe","pr","Press Loft","Proflax","Rex","Service","Stunning Temper","trends","Villeroy"],"articleSection":["Alle Beitr\u00e4ge","German","PR &amp; Marketing-Tipps","Neuigkeiten &amp; Trends","Unkategorisiert"],"inLanguage":"de","potentialAction":[{"@type":"CommentAction","name":"Comment","target":["https:\/\/blog.pressloft.com\/de\/2014\/02\/ambiente-frankfurt-2014\/#respond"]}]},{"@type":"WebPage","@id":"https:\/\/blog.pressloft.com\/de\/2014\/02\/ambiente-frankfurt-2014\/","url":"https:\/\/blog.pressloft.com\/de\/2014\/02\/ambiente-frankfurt-2014\/","name":"Ambiente Frankfurt 2014 - Press Loft blog","isPartOf":{"@id":"https:\/\/blog.pressloft.com\/#website"},"primaryImageOfPage":{"@id":"https:\/\/blog.pressloft.com\/de\/2014\/02\/ambiente-frankfurt-2014\/#primaryimage"},"image":{"@id":"https:\/\/blog.pressloft.com\/de\/2014\/02\/ambiente-frankfurt-2014\/#primaryimage"},"thumbnailUrl":"https:\/\/blog.pressloft.com\/wp-content\/uploads\/2014\/02\/img_0220.jpg?w=300","datePublished":"2014-02-11T16:58:45+00:00","dateModified":"2017-01-30T04:16:15+00:00","breadcrumb":{"@id":"https:\/\/blog.pressloft.com\/de\/2014\/02\/ambiente-frankfurt-2014\/#breadcrumb"},"inLanguage":"de","potentialAction":[{"@type":"ReadAction","target":["https:\/\/blog.pressloft.com\/de\/2014\/02\/ambiente-frankfurt-2014\/"]}]},{"@type":"ImageObject","inLanguage":"de","@id":"https:\/\/blog.pressloft.com\/de\/2014\/02\/ambiente-frankfurt-2014\/#primaryimage","url":"https:\/\/blog.pressloft.com\/wp-content\/uploads\/2014\/02\/img_0220.jpg?w=300","contentUrl":"https:\/\/blog.pressloft.com\/wp-content\/uploads\/2014\/02\/img_0220.jpg?w=300"},{"@type":"BreadcrumbList","@id":"https:\/\/blog.pressloft.com\/de\/2014\/02\/ambiente-frankfurt-2014\/#breadcrumb","itemListElement":[{"@type":"ListItem","position":1,"name":"Home","item":"https:\/\/blog.pressloft.com\/"},{"@type":"ListItem","position":2,"name":"Ambiente Frankfurt 2014"}]},{"@type":"WebSite","@id":"https:\/\/blog.pressloft.com\/#website","url":"https:\/\/blog.pressloft.com\/","name":"Press Loft blog","description":"PR Made Simple","publisher":{"@id":"https:\/\/blog.pressloft.com\/#organization"},"potentialAction":[{"@type":"SearchAction","target":{"@type":"EntryPoint","urlTemplate":"https:\/\/blog.pressloft.com\/?s={search_term_string}"},"query-input":{"@type":"PropertyValueSpecification","valueRequired":true,"valueName":"search_term_string"}}],"inLanguage":"de"},{"@type":"Organization","@id":"https:\/\/blog.pressloft.com\/#organization","name":"Press Loft blog","url":"https:\/\/blog.pressloft.com\/","logo":{"@type":"ImageObject","inLanguage":"de","@id":"https:\/\/blog.pressloft.com\/#\/schema\/logo\/image\/","url":"https:\/\/i0.wp.com\/blog.pressloft.com\/wp-content\/uploads\/2023\/09\/blog-logo.png?fit=272%2C90&ssl=1","contentUrl":"https:\/\/i0.wp.com\/blog.pressloft.com\/wp-content\/uploads\/2023\/09\/blog-logo.png?fit=272%2C90&ssl=1","width":272,"height":90,"caption":"Press Loft blog"},"image":{"@id":"https:\/\/blog.pressloft.com\/#\/schema\/logo\/image\/"},"sameAs":["https:\/\/www.facebook.com\/PressLoft\/?locale=en_GB","https:\/\/www.instagram.com\/pressloft\/?hl=en-gb","https:\/\/uk.linkedin.com\/company\/pressloft"]},{"@type":"Person","@id":"https:\/\/blog.pressloft.com\/#\/schema\/person\/bb010c98319ad4ee10c12d4bbb62117d","name":"admin","url":"https:\/\/blog.pressloft.com\/de\/author\/admin\/"}]}},"jetpack_publicize_connections":[],"jetpack_featured_media_url":"","jetpack_sharing_enabled":true,"jetpack_shortlink":"https:\/\/wp.me\/pbvzo7-BW","_links":{"self":[{"href":"https:\/\/blog.pressloft.com\/de\/wp-json\/wp\/v2\/posts\/2352\/"}],"collection":[{"href":"https:\/\/blog.pressloft.com\/de\/wp-json\/wp\/v2\/posts\/"}],"about":[{"href":"https:\/\/blog.pressloft.com\/de\/wp-json\/wp\/v2\/types\/post\/"}],"author":[{"embeddable":true,"href":"https:\/\/blog.pressloft.com\/de\/wp-json\/wp\/v2\/users\/1\/"}],"replies":[{"embeddable":true,"href":"https:\/\/blog.pressloft.com\/de\/wp-json\/wp\/v2\/comments\/?post=2352"}],"version-history":[{"count":1,"href":"https:\/\/blog.pressloft.com\/de\/wp-json\/wp\/v2\/posts\/2352\/revisions\/"}],"predecessor-version":[{"id":9370,"href":"https:\/\/blog.pressloft.com\/de\/wp-json\/wp\/v2\/posts\/2352\/revisions\/9370\/"}],"wp:attachment":[{"href":"https:\/\/blog.pressloft.com\/de\/wp-json\/wp\/v2\/media\/?parent=2352"}],"wp:term":[{"taxonomy":"category","embeddable":true,"href":"https:\/\/blog.pressloft.com\/de\/wp-json\/wp\/v2\/categories\/?post=2352"},{"taxonomy":"post_tag","embeddable":true,"href":"https:\/\/blog.pressloft.com\/de\/wp-json\/wp\/v2\/tags\/?post=2352"}],"curies":[{"name":"wp","href":"https:\/\/api.w.org\/{rel}","templated":true}]}}