{"id":3239,"date":"2014-04-01T14:38:36","date_gmt":"2014-04-01T14:38:36","guid":{"rendered":"http:\/\/pressloft.wordpress.com\/?p=3239"},"modified":"2017-01-30T04:16:08","modified_gmt":"2017-01-30T04:16:08","slug":"geschenkideen-zum-vatertag","status":"publish","type":"post","link":"https:\/\/blog.pressloft.com\/de\/2014\/04\/geschenkideen-zum-vatertag\/","title":{"rendered":"Geschenkideen zum Vatertag!"},"content":{"rendered":"<figure id=\"3244\" aria-describedby=\"caption-3244\" style=\"width: 594px\" class=\"wp-caption aligncenter\"><a href=\"http:\/\/www.pressloft.com\/product.php?pid=921413&amp;tid=4\"><img data-recalc-dims=\"1\" loading=\"lazy\" decoding=\"async\" class=\"wp-image-3244 size-large\" src=\"https:\/\/i0.wp.com\/blog.pressloft.com\/wp-content\/uploads\/2014\/04\/2014-04-01_1425.png?resize=594%2C405&#038;ssl=1\" alt=\"sachenshop.de\" width=\"594\" height=\"405\" srcset=\"https:\/\/i0.wp.com\/blog.pressloft.com\/wp-content\/uploads\/2014\/04\/2014-04-01_1425.png?w=1367&amp;ssl=1 1367w, https:\/\/i0.wp.com\/blog.pressloft.com\/wp-content\/uploads\/2014\/04\/2014-04-01_1425.png?resize=300%2C205&amp;ssl=1 300w, https:\/\/i0.wp.com\/blog.pressloft.com\/wp-content\/uploads\/2014\/04\/2014-04-01_1425.png?resize=768%2C524&amp;ssl=1 768w, https:\/\/i0.wp.com\/blog.pressloft.com\/wp-content\/uploads\/2014\/04\/2014-04-01_1425.png?resize=1024%2C699&amp;ssl=1 1024w, https:\/\/i0.wp.com\/blog.pressloft.com\/wp-content\/uploads\/2014\/04\/2014-04-01_1425.png?w=1280&amp;ssl=1 1280w\" sizes=\"auto, (max-width: 594px) 100vw, 594px\" \/><\/a><figcaption id=\"caption-3244\" class=\"wp-caption-text\">sachenshop.de<\/figcaption><\/figure>\n<p>Nicht nur M\u00fctter geh\u00f6ren gefeiert! &#8211; auch V\u00e4ter sollen\u00a0einmal im Jahr im Mittelpunkt der Aufmerksamkeit stehen und f\u00fcr Ihre M\u00fchen belohnt werden. Der volkst\u00fcmliche Vatertag wird in Deutschland am christlichen Feiertag Christi Himmelfahrt gefeiert, dem 40. Tag nach Ostern. Oft wird der Vatertag als Familienfest gefeiert, etwa um gemeinsame Tagesausfl\u00fcge zu gestalten, aber auch um \u00fcber das verl\u00e4ngerte Wochenende einen Kurzurlaub zu unternehmen.<!--more--><\/p>\n<p>Wof\u00fcr V\u00e4ter belohnt werden sollen? Ganz einfach! V\u00e4ter sind es die:<\/p>\n<ul>\n<li>das kaputte Fenster am eisigen Wintertag reparieren<\/li>\n<li>die sich beim Fu\u00dfballspielen mit den Jungs bis auf\u00b4s \u00c4u\u00dferste Verausgaben<\/li>\n<li>die Ihren T\u00f6chtern den n\u00f6tigen Taschengeldzuschuss geben, wenn die Lieblingstasche \u00fcber dem Budget liegt<\/li>\n<li>die im Sommer den Griller anwerfen<\/li>\n<li>und vieles mehr!<\/li>\n<\/ul>\n<p>W\u00e4hrend am Muttertag die Blumenl\u00e4den gest\u00fcrmt werden, werden\u00a0am Vatertag gerne Krawatten und Kugelschreiber verschenkt. Hier haben wir einige Geschenkideen gesammelt, die neue Ideen liefern sollen und alle V\u00e4ter dieses Jahr staunen lassen werden: F\u00fcr weitere Geschenkideen zum Vatertag, besuchen Sie <a href=\"http:\/\/www.pressloft.com\/browser.php?searchFor=f%C3%BCr+ihn&amp;iid=52&amp;tid=4\">Press Lof<\/a>t.<\/p>\n<figure id=\"3260\" aria-describedby=\"caption-3260\" style=\"width: 594px\" class=\"wp-caption aligncenter\"><a href=\"http:\/\/www.pressloft.com\/product.php?pid=909091&amp;tid=4\"><img data-recalc-dims=\"1\" loading=\"lazy\" decoding=\"async\" class=\"wp-image-3260 size-large\" src=\"https:\/\/i0.wp.com\/blog.pressloft.com\/wp-content\/uploads\/2014\/04\/2014-04-01_1532.png?resize=594%2C561&#038;ssl=1\" alt=\"Werkhaus Design + Produktion\" width=\"594\" height=\"561\" srcset=\"https:\/\/i0.wp.com\/blog.pressloft.com\/wp-content\/uploads\/2014\/04\/2014-04-01_1532.png?w=1026&amp;ssl=1 1026w, https:\/\/i0.wp.com\/blog.pressloft.com\/wp-content\/uploads\/2014\/04\/2014-04-01_1532.png?resize=300%2C284&amp;ssl=1 300w, https:\/\/i0.wp.com\/blog.pressloft.com\/wp-content\/uploads\/2014\/04\/2014-04-01_1532.png?resize=768%2C726&amp;ssl=1 768w, https:\/\/i0.wp.com\/blog.pressloft.com\/wp-content\/uploads\/2014\/04\/2014-04-01_1532.png?resize=1024%2C968&amp;ssl=1 1024w\" sizes=\"auto, (max-width: 594px) 100vw, 594px\" \/><\/a><figcaption id=\"caption-3260\" class=\"wp-caption-text\">Werkhaus Design + Produktion<\/figcaption><\/figure>\n<figure id=\"3252\" aria-describedby=\"caption-3252\" style=\"width: 594px\" class=\"wp-caption aligncenter\"><a href=\"http:\/\/www.pressloft.com\/product.php?pid=937249&amp;tid=4\"><img data-recalc-dims=\"1\" loading=\"lazy\" decoding=\"async\" class=\"wp-image-3252 size-large\" src=\"https:\/\/i0.wp.com\/blog.pressloft.com\/wp-content\/uploads\/2014\/04\/2014-04-01_1519.png?resize=594%2C500&#038;ssl=1\" alt=\"Geschenkemarkt.com\" width=\"594\" height=\"500\" srcset=\"https:\/\/i0.wp.com\/blog.pressloft.com\/wp-content\/uploads\/2014\/04\/2014-04-01_1519.png?w=1140&amp;ssl=1 1140w, https:\/\/i0.wp.com\/blog.pressloft.com\/wp-content\/uploads\/2014\/04\/2014-04-01_1519.png?resize=300%2C253&amp;ssl=1 300w, https:\/\/i0.wp.com\/blog.pressloft.com\/wp-content\/uploads\/2014\/04\/2014-04-01_1519.png?resize=768%2C647&amp;ssl=1 768w, https:\/\/i0.wp.com\/blog.pressloft.com\/wp-content\/uploads\/2014\/04\/2014-04-01_1519.png?resize=1024%2C862&amp;ssl=1 1024w\" sizes=\"auto, (max-width: 594px) 100vw, 594px\" \/><\/a><figcaption id=\"caption-3252\" class=\"wp-caption-text\">Geschenkemarkt.com<\/figcaption><\/figure>\n<figure id=\"3253\" aria-describedby=\"caption-3253\" style=\"width: 594px\" class=\"wp-caption aligncenter\"><a href=\"http:\/\/www.pressloft.com\/product.php?pid=938896&amp;tid=4\"><img data-recalc-dims=\"1\" loading=\"lazy\" decoding=\"async\" class=\"wp-image-3253 size-large\" src=\"https:\/\/i0.wp.com\/blog.pressloft.com\/wp-content\/uploads\/2014\/04\/2014-04-01_1520.png?resize=594%2C427&#038;ssl=1\" alt=\"Promondo Verlag\" width=\"594\" height=\"427\" srcset=\"https:\/\/i0.wp.com\/blog.pressloft.com\/wp-content\/uploads\/2014\/04\/2014-04-01_1520.png?w=1320&amp;ssl=1 1320w, https:\/\/i0.wp.com\/blog.pressloft.com\/wp-content\/uploads\/2014\/04\/2014-04-01_1520.png?resize=300%2C216&amp;ssl=1 300w, https:\/\/i0.wp.com\/blog.pressloft.com\/wp-content\/uploads\/2014\/04\/2014-04-01_1520.png?resize=768%2C553&amp;ssl=1 768w, https:\/\/i0.wp.com\/blog.pressloft.com\/wp-content\/uploads\/2014\/04\/2014-04-01_1520.png?resize=1024%2C738&amp;ssl=1 1024w\" sizes=\"auto, (max-width: 594px) 100vw, 594px\" \/><\/a><figcaption id=\"caption-3253\" class=\"wp-caption-text\">Promondo Verlag<\/figcaption><\/figure>\n<figure id=\"3254\" aria-describedby=\"caption-3254\" style=\"width: 594px\" class=\"wp-caption aligncenter\"><a href=\"http:\/\/www.pressloft.com\/product.php?pid=905977&amp;tid=4\"><img data-recalc-dims=\"1\" loading=\"lazy\" decoding=\"async\" class=\"wp-image-3254 size-large\" src=\"https:\/\/i0.wp.com\/blog.pressloft.com\/wp-content\/uploads\/2014\/04\/2014-04-01_1521.png?resize=594%2C907&#038;ssl=1\" alt=\"SULO Grill &amp; Gastrobedarf\" width=\"594\" height=\"907\" srcset=\"https:\/\/i0.wp.com\/blog.pressloft.com\/wp-content\/uploads\/2014\/04\/2014-04-01_1521.png?w=638&amp;ssl=1 638w, https:\/\/i0.wp.com\/blog.pressloft.com\/wp-content\/uploads\/2014\/04\/2014-04-01_1521.png?resize=196%2C300&amp;ssl=1 196w\" sizes=\"auto, (max-width: 594px) 100vw, 594px\" \/><\/a><figcaption id=\"caption-3254\" class=\"wp-caption-text\">SULO Grill &amp; Gastrobedarf<\/figcaption><\/figure>\n<figure id=\"3255\" aria-describedby=\"caption-3255\" style=\"width: 594px\" class=\"wp-caption aligncenter\"><a href=\"http:\/\/www.pressloft.com\/product.php?pid=933397&amp;tid=4\"><img data-recalc-dims=\"1\" loading=\"lazy\" decoding=\"async\" class=\"wp-image-3255 size-large\" src=\"https:\/\/i0.wp.com\/blog.pressloft.com\/wp-content\/uploads\/2014\/04\/2014-04-01_1521_001.png?resize=594%2C589&#038;ssl=1\" alt=\"nettedinge.com\" width=\"594\" height=\"589\" srcset=\"https:\/\/i0.wp.com\/blog.pressloft.com\/wp-content\/uploads\/2014\/04\/2014-04-01_1521_001.png?w=975&amp;ssl=1 975w, https:\/\/i0.wp.com\/blog.pressloft.com\/wp-content\/uploads\/2014\/04\/2014-04-01_1521_001.png?resize=150%2C150&amp;ssl=1 150w, https:\/\/i0.wp.com\/blog.pressloft.com\/wp-content\/uploads\/2014\/04\/2014-04-01_1521_001.png?resize=300%2C298&amp;ssl=1 300w, https:\/\/i0.wp.com\/blog.pressloft.com\/wp-content\/uploads\/2014\/04\/2014-04-01_1521_001.png?resize=768%2C762&amp;ssl=1 768w, https:\/\/i0.wp.com\/blog.pressloft.com\/wp-content\/uploads\/2014\/04\/2014-04-01_1521_001.png?resize=100%2C100&amp;ssl=1 100w\" sizes=\"auto, (max-width: 594px) 100vw, 594px\" \/><\/a><figcaption id=\"caption-3255\" class=\"wp-caption-text\">nettedinge.com<\/figcaption><\/figure>\n<figure id=\"3256\" aria-describedby=\"caption-3256\" style=\"width: 594px\" class=\"wp-caption aligncenter\"><a href=\"http:\/\/www.pressloft.com\/product.php?pid=932375&amp;tid=4\"><img data-recalc-dims=\"1\" loading=\"lazy\" decoding=\"async\" class=\"wp-image-3256 size-large\" src=\"https:\/\/i0.wp.com\/blog.pressloft.com\/wp-content\/uploads\/2014\/04\/2014-04-01_1522.png?resize=594%2C465&#038;ssl=1\" alt=\"mazzivo-m\u00f6bel.de\" width=\"594\" height=\"465\" srcset=\"https:\/\/i0.wp.com\/blog.pressloft.com\/wp-content\/uploads\/2014\/04\/2014-04-01_1522.png?w=651&amp;ssl=1 651w, https:\/\/i0.wp.com\/blog.pressloft.com\/wp-content\/uploads\/2014\/04\/2014-04-01_1522.png?resize=300%2C235&amp;ssl=1 300w\" sizes=\"auto, (max-width: 594px) 100vw, 594px\" \/><\/a><figcaption id=\"caption-3256\" class=\"wp-caption-text\">mazzivo-m\u00f6bel.de<\/figcaption><\/figure>\n<figure id=\"3257\" aria-describedby=\"caption-3257\" style=\"width: 594px\" class=\"wp-caption aligncenter\"><a href=\"http:\/\/www.pressloft.com\/product.php?pid=903464&amp;tid=4\"><img data-recalc-dims=\"1\" loading=\"lazy\" decoding=\"async\" class=\"wp-image-3257 size-large\" src=\"https:\/\/i0.wp.com\/blog.pressloft.com\/wp-content\/uploads\/2014\/04\/2014-04-01_1523.png?resize=594%2C597&#038;ssl=1\" alt=\"radbag\" width=\"594\" height=\"597\" srcset=\"https:\/\/i0.wp.com\/blog.pressloft.com\/wp-content\/uploads\/2014\/04\/2014-04-01_1523.png?w=961&amp;ssl=1 961w, https:\/\/i0.wp.com\/blog.pressloft.com\/wp-content\/uploads\/2014\/04\/2014-04-01_1523.png?resize=150%2C150&amp;ssl=1 150w, https:\/\/i0.wp.com\/blog.pressloft.com\/wp-content\/uploads\/2014\/04\/2014-04-01_1523.png?resize=298%2C300&amp;ssl=1 298w, https:\/\/i0.wp.com\/blog.pressloft.com\/wp-content\/uploads\/2014\/04\/2014-04-01_1523.png?resize=768%2C773&amp;ssl=1 768w, https:\/\/i0.wp.com\/blog.pressloft.com\/wp-content\/uploads\/2014\/04\/2014-04-01_1523.png?resize=100%2C100&amp;ssl=1 100w\" sizes=\"auto, (max-width: 594px) 100vw, 594px\" \/><\/a><figcaption id=\"caption-3257\" class=\"wp-caption-text\">radbag<\/figcaption><\/figure>\n<figure id=\"3258\" aria-describedby=\"caption-3258\" style=\"width: 594px\" class=\"wp-caption aligncenter\"><a href=\"http:\/\/www.pressloft.com\/product.php?pid=593339&amp;tid=4\"><img data-recalc-dims=\"1\" loading=\"lazy\" decoding=\"async\" class=\"wp-image-3258 size-large\" src=\"https:\/\/i0.wp.com\/blog.pressloft.com\/wp-content\/uploads\/2014\/04\/2014-04-01_1523_001.png?resize=594%2C741&#038;ssl=1\" alt=\"Villeroy &amp; Boch\" width=\"594\" height=\"741\" srcset=\"https:\/\/i0.wp.com\/blog.pressloft.com\/wp-content\/uploads\/2014\/04\/2014-04-01_1523_001.png?w=773&amp;ssl=1 773w, https:\/\/i0.wp.com\/blog.pressloft.com\/wp-content\/uploads\/2014\/04\/2014-04-01_1523_001.png?resize=240%2C300&amp;ssl=1 240w, https:\/\/i0.wp.com\/blog.pressloft.com\/wp-content\/uploads\/2014\/04\/2014-04-01_1523_001.png?resize=768%2C959&amp;ssl=1 768w\" sizes=\"auto, (max-width: 594px) 100vw, 594px\" \/><\/a><figcaption id=\"caption-3258\" class=\"wp-caption-text\">Villeroy &amp; Boch<\/figcaption><\/figure>\n<figure id=\"3259\" aria-describedby=\"caption-3259\" style=\"width: 594px\" class=\"wp-caption aligncenter\"><a href=\"http:\/\/www.pressloft.com\/product.php?pid=891184&amp;tid=4\"><img data-recalc-dims=\"1\" loading=\"lazy\" decoding=\"async\" class=\"wp-image-3259 size-large\" src=\"https:\/\/i0.wp.com\/blog.pressloft.com\/wp-content\/uploads\/2014\/04\/2014-04-01_1524.png?resize=594%2C548&#038;ssl=1\" alt=\"radbag\" width=\"594\" height=\"548\" srcset=\"https:\/\/i0.wp.com\/blog.pressloft.com\/wp-content\/uploads\/2014\/04\/2014-04-01_1524.png?w=1048&amp;ssl=1 1048w, https:\/\/i0.wp.com\/blog.pressloft.com\/wp-content\/uploads\/2014\/04\/2014-04-01_1524.png?resize=300%2C277&amp;ssl=1 300w, https:\/\/i0.wp.com\/blog.pressloft.com\/wp-content\/uploads\/2014\/04\/2014-04-01_1524.png?resize=768%2C709&amp;ssl=1 768w, https:\/\/i0.wp.com\/blog.pressloft.com\/wp-content\/uploads\/2014\/04\/2014-04-01_1524.png?resize=1024%2C945&amp;ssl=1 1024w\" sizes=\"auto, (max-width: 594px) 100vw, 594px\" \/><\/a><figcaption id=\"caption-3259\" class=\"wp-caption-text\">radbag<\/figcaption><\/figure>\n","protected":false},"excerpt":{"rendered":"<p>Nicht nur M\u00fctter geh\u00f6ren gefeiert! &#8211; auch V\u00e4ter sollen\u00a0einmal im Jahr im Mittelpunkt der Aufmerksamkeit stehen und f\u00fcr Ihre M\u00fchen belohnt werden. Der volkst\u00fcmliche Vatertag wird in Deutschland am christlichen Feiertag Christi Himmelfahrt gefeiert, dem 40. Tag nach Ostern. Oft wird der Vatertag als Familienfest gefeiert, etwa um gemeinsame Tagesausfl\u00fcge zu gestalten, aber auch um [&hellip;]<\/p>\n","protected":false},"author":1,"featured_media":0,"comment_status":"open","ping_status":"open","sticky":false,"template":"","format":"standard","meta":{"_jetpack_memberships_contains_paid_content":false,"footnotes":"","jetpack_publicize_message":"","jetpack_publicize_feature_enabled":true,"jetpack_social_post_already_shared":false,"jetpack_social_options":{"image_generator_settings":{"template":"highway","default_image_id":0,"font":"","enabled":false},"version":2}},"categories":[1348,6,1345,1347,1342],"tags":[119,397,453,454,449,642,661,853,891,902,925,946,956,971,1005,1067,1221,1222],"class_list":["post-3239","post","type-post","status-publish","format-standard","hentry","category-alle","category-german","category-pr-marketing-tipps","category-neuigkeiten-trends","category-unkategorisiert","tag-bekannte-marken","tag-fur-ihn","tag-geschenke","tag-geschenkidee","tag-gunstig","tag-kleine-unternehmen","tag-leistbar","tag-papatag","tag-plattform","tag-pr","tag-press-loft","tag-presse","tag-pressloft","tag-public","tag-relation","tag-service","tag-vater","tag-vatertag"],"yoast_head":"<!-- This site is optimized with the Yoast SEO plugin v23.4 - https:\/\/yoast.com\/wordpress\/plugins\/seo\/ -->\n<title>Geschenkideen zum Vatertag! - Press Loft blog<\/title>\n<meta name=\"robots\" content=\"index, follow, max-snippet:-1, max-image-preview:large, max-video-preview:-1\" \/>\n<link rel=\"canonical\" href=\"https:\/\/blog.pressloft.com\/de\/2014\/04\/geschenkideen-zum-vatertag\/\" \/>\n<meta property=\"og:locale\" content=\"de_DE\" \/>\n<meta property=\"og:type\" content=\"article\" \/>\n<meta property=\"og:title\" content=\"Geschenkideen zum Vatertag! - Press Loft blog\" \/>\n<meta property=\"og:description\" content=\"Nicht nur M\u00fctter geh\u00f6ren gefeiert! &#8211; auch V\u00e4ter sollen\u00a0einmal im Jahr im Mittelpunkt der Aufmerksamkeit stehen und f\u00fcr Ihre M\u00fchen belohnt werden. Der volkst\u00fcmliche Vatertag wird in Deutschland am christlichen Feiertag Christi Himmelfahrt gefeiert, dem 40. Tag nach Ostern. Oft wird der Vatertag als Familienfest gefeiert, etwa um gemeinsame Tagesausfl\u00fcge zu gestalten, aber auch um [&hellip;]\" \/>\n<meta property=\"og:url\" content=\"https:\/\/blog.pressloft.com\/de\/2014\/04\/geschenkideen-zum-vatertag\/\" \/>\n<meta property=\"og:site_name\" content=\"Press Loft blog\" \/>\n<meta property=\"article:publisher\" content=\"https:\/\/www.facebook.com\/PressLoft\/?locale=en_GB\" \/>\n<meta property=\"article:published_time\" content=\"2014-04-01T14:38:36+00:00\" \/>\n<meta property=\"article:modified_time\" content=\"2017-01-30T04:16:08+00:00\" \/>\n<meta property=\"og:image\" content=\"https:\/\/blog.pressloft.com\/wp-content\/uploads\/2014\/04\/2014-04-01_1425.png?w=594\" \/>\n<meta name=\"author\" content=\"admin\" \/>\n<meta name=\"twitter:card\" content=\"summary_large_image\" \/>\n<meta name=\"twitter:label1\" content=\"Verfasst von\" \/>\n\t<meta name=\"twitter:data1\" content=\"admin\" \/>\n\t<meta name=\"twitter:label2\" content=\"Gesch\u00e4tzte Lesezeit\" \/>\n\t<meta name=\"twitter:data2\" content=\"1\u00a0Minute\" \/>\n<script type=\"application\/ld+json\" class=\"yoast-schema-graph\">{\"@context\":\"https:\/\/schema.org\",\"@graph\":[{\"@type\":\"Article\",\"@id\":\"https:\/\/blog.pressloft.com\/de\/2014\/04\/geschenkideen-zum-vatertag\/#article\",\"isPartOf\":{\"@id\":\"https:\/\/blog.pressloft.com\/de\/2014\/04\/geschenkideen-zum-vatertag\/\"},\"author\":{\"name\":\"admin\",\"@id\":\"https:\/\/blog.pressloft.com\/#\/schema\/person\/bb010c98319ad4ee10c12d4bbb62117d\"},\"headline\":\"Geschenkideen zum Vatertag!\",\"datePublished\":\"2014-04-01T14:38:36+00:00\",\"dateModified\":\"2017-01-30T04:16:08+00:00\",\"mainEntityOfPage\":{\"@id\":\"https:\/\/blog.pressloft.com\/de\/2014\/04\/geschenkideen-zum-vatertag\/\"},\"wordCount\":265,\"commentCount\":0,\"publisher\":{\"@id\":\"https:\/\/blog.pressloft.com\/#organization\"},\"image\":{\"@id\":\"https:\/\/blog.pressloft.com\/de\/2014\/04\/geschenkideen-zum-vatertag\/#primaryimage\"},\"thumbnailUrl\":\"https:\/\/blog.pressloft.com\/wp-content\/uploads\/2014\/04\/2014-04-01_1425.png?w=594\",\"keywords\":[\"bekannte marken\",\"f\u00fcr ihn\",\"geschenke\",\"Geschenkidee\",\"g\u00fcnstig\",\"kleine unternehmen\",\"leistbar\",\"papatag\",\"plattform\",\"pr\",\"Press Loft\",\"presse\",\"Pressloft\",\"public\",\"relation\",\"Service\",\"Vater\",\"Vatertag\"],\"articleSection\":[\"Alle Beitr\u00e4ge\",\"German\",\"PR &amp; Marketing-Tipps\",\"Neuigkeiten &amp; Trends\",\"Unkategorisiert\"],\"inLanguage\":\"de\",\"potentialAction\":[{\"@type\":\"CommentAction\",\"name\":\"Comment\",\"target\":[\"https:\/\/blog.pressloft.com\/de\/2014\/04\/geschenkideen-zum-vatertag\/#respond\"]}]},{\"@type\":\"WebPage\",\"@id\":\"https:\/\/blog.pressloft.com\/de\/2014\/04\/geschenkideen-zum-vatertag\/\",\"url\":\"https:\/\/blog.pressloft.com\/de\/2014\/04\/geschenkideen-zum-vatertag\/\",\"name\":\"Geschenkideen zum Vatertag! - Press Loft blog\",\"isPartOf\":{\"@id\":\"https:\/\/blog.pressloft.com\/#website\"},\"primaryImageOfPage\":{\"@id\":\"https:\/\/blog.pressloft.com\/de\/2014\/04\/geschenkideen-zum-vatertag\/#primaryimage\"},\"image\":{\"@id\":\"https:\/\/blog.pressloft.com\/de\/2014\/04\/geschenkideen-zum-vatertag\/#primaryimage\"},\"thumbnailUrl\":\"https:\/\/blog.pressloft.com\/wp-content\/uploads\/2014\/04\/2014-04-01_1425.png?w=594\",\"datePublished\":\"2014-04-01T14:38:36+00:00\",\"dateModified\":\"2017-01-30T04:16:08+00:00\",\"breadcrumb\":{\"@id\":\"https:\/\/blog.pressloft.com\/de\/2014\/04\/geschenkideen-zum-vatertag\/#breadcrumb\"},\"inLanguage\":\"de\",\"potentialAction\":[{\"@type\":\"ReadAction\",\"target\":[\"https:\/\/blog.pressloft.com\/de\/2014\/04\/geschenkideen-zum-vatertag\/\"]}]},{\"@type\":\"ImageObject\",\"inLanguage\":\"de\",\"@id\":\"https:\/\/blog.pressloft.com\/de\/2014\/04\/geschenkideen-zum-vatertag\/#primaryimage\",\"url\":\"https:\/\/blog.pressloft.com\/wp-content\/uploads\/2014\/04\/2014-04-01_1425.png?w=594\",\"contentUrl\":\"https:\/\/blog.pressloft.com\/wp-content\/uploads\/2014\/04\/2014-04-01_1425.png?w=594\"},{\"@type\":\"BreadcrumbList\",\"@id\":\"https:\/\/blog.pressloft.com\/de\/2014\/04\/geschenkideen-zum-vatertag\/#breadcrumb\",\"itemListElement\":[{\"@type\":\"ListItem\",\"position\":1,\"name\":\"Home\",\"item\":\"https:\/\/blog.pressloft.com\/\"},{\"@type\":\"ListItem\",\"position\":2,\"name\":\"Geschenkideen zum Vatertag!\"}]},{\"@type\":\"WebSite\",\"@id\":\"https:\/\/blog.pressloft.com\/#website\",\"url\":\"https:\/\/blog.pressloft.com\/\",\"name\":\"Press Loft blog\",\"description\":\"PR Made Simple\",\"publisher\":{\"@id\":\"https:\/\/blog.pressloft.com\/#organization\"},\"potentialAction\":[{\"@type\":\"SearchAction\",\"target\":{\"@type\":\"EntryPoint\",\"urlTemplate\":\"https:\/\/blog.pressloft.com\/?s={search_term_string}\"},\"query-input\":{\"@type\":\"PropertyValueSpecification\",\"valueRequired\":true,\"valueName\":\"search_term_string\"}}],\"inLanguage\":\"de\"},{\"@type\":\"Organization\",\"@id\":\"https:\/\/blog.pressloft.com\/#organization\",\"name\":\"Press Loft blog\",\"url\":\"https:\/\/blog.pressloft.com\/\",\"logo\":{\"@type\":\"ImageObject\",\"inLanguage\":\"de\",\"@id\":\"https:\/\/blog.pressloft.com\/#\/schema\/logo\/image\/\",\"url\":\"https:\/\/i0.wp.com\/blog.pressloft.com\/wp-content\/uploads\/2023\/09\/blog-logo.png?fit=272%2C90&ssl=1\",\"contentUrl\":\"https:\/\/i0.wp.com\/blog.pressloft.com\/wp-content\/uploads\/2023\/09\/blog-logo.png?fit=272%2C90&ssl=1\",\"width\":272,\"height\":90,\"caption\":\"Press Loft blog\"},\"image\":{\"@id\":\"https:\/\/blog.pressloft.com\/#\/schema\/logo\/image\/\"},\"sameAs\":[\"https:\/\/www.facebook.com\/PressLoft\/?locale=en_GB\",\"https:\/\/www.instagram.com\/pressloft\/?hl=en-gb\",\"https:\/\/uk.linkedin.com\/company\/pressloft\"]},{\"@type\":\"Person\",\"@id\":\"https:\/\/blog.pressloft.com\/#\/schema\/person\/bb010c98319ad4ee10c12d4bbb62117d\",\"name\":\"admin\",\"url\":\"https:\/\/blog.pressloft.com\/de\/author\/admin\/\"}]}<\/script>\n<!-- \/ Yoast SEO plugin. -->","yoast_head_json":{"title":"Geschenkideen zum Vatertag! - Press Loft blog","robots":{"index":"index","follow":"follow","max-snippet":"max-snippet:-1","max-image-preview":"max-image-preview:large","max-video-preview":"max-video-preview:-1"},"canonical":"https:\/\/blog.pressloft.com\/de\/2014\/04\/geschenkideen-zum-vatertag\/","og_locale":"de_DE","og_type":"article","og_title":"Geschenkideen zum Vatertag! - Press Loft blog","og_description":"Nicht nur M\u00fctter geh\u00f6ren gefeiert! &#8211; auch V\u00e4ter sollen\u00a0einmal im Jahr im Mittelpunkt der Aufmerksamkeit stehen und f\u00fcr Ihre M\u00fchen belohnt werden. Der volkst\u00fcmliche Vatertag wird in Deutschland am christlichen Feiertag Christi Himmelfahrt gefeiert, dem 40. Tag nach Ostern. Oft wird der Vatertag als Familienfest gefeiert, etwa um gemeinsame Tagesausfl\u00fcge zu gestalten, aber auch um [&hellip;]","og_url":"https:\/\/blog.pressloft.com\/de\/2014\/04\/geschenkideen-zum-vatertag\/","og_site_name":"Press Loft blog","article_publisher":"https:\/\/www.facebook.com\/PressLoft\/?locale=en_GB","article_published_time":"2014-04-01T14:38:36+00:00","article_modified_time":"2017-01-30T04:16:08+00:00","og_image":[{"url":"https:\/\/blog.pressloft.com\/wp-content\/uploads\/2014\/04\/2014-04-01_1425.png?w=594"}],"author":"admin","twitter_card":"summary_large_image","twitter_misc":{"Verfasst von":"admin","Gesch\u00e4tzte Lesezeit":"1\u00a0Minute"},"schema":{"@context":"https:\/\/schema.org","@graph":[{"@type":"Article","@id":"https:\/\/blog.pressloft.com\/de\/2014\/04\/geschenkideen-zum-vatertag\/#article","isPartOf":{"@id":"https:\/\/blog.pressloft.com\/de\/2014\/04\/geschenkideen-zum-vatertag\/"},"author":{"name":"admin","@id":"https:\/\/blog.pressloft.com\/#\/schema\/person\/bb010c98319ad4ee10c12d4bbb62117d"},"headline":"Geschenkideen zum Vatertag!","datePublished":"2014-04-01T14:38:36+00:00","dateModified":"2017-01-30T04:16:08+00:00","mainEntityOfPage":{"@id":"https:\/\/blog.pressloft.com\/de\/2014\/04\/geschenkideen-zum-vatertag\/"},"wordCount":265,"commentCount":0,"publisher":{"@id":"https:\/\/blog.pressloft.com\/#organization"},"image":{"@id":"https:\/\/blog.pressloft.com\/de\/2014\/04\/geschenkideen-zum-vatertag\/#primaryimage"},"thumbnailUrl":"https:\/\/blog.pressloft.com\/wp-content\/uploads\/2014\/04\/2014-04-01_1425.png?w=594","keywords":["bekannte marken","f\u00fcr ihn","geschenke","Geschenkidee","g\u00fcnstig","kleine unternehmen","leistbar","papatag","plattform","pr","Press Loft","presse","Pressloft","public","relation","Service","Vater","Vatertag"],"articleSection":["Alle Beitr\u00e4ge","German","PR &amp; Marketing-Tipps","Neuigkeiten &amp; Trends","Unkategorisiert"],"inLanguage":"de","potentialAction":[{"@type":"CommentAction","name":"Comment","target":["https:\/\/blog.pressloft.com\/de\/2014\/04\/geschenkideen-zum-vatertag\/#respond"]}]},{"@type":"WebPage","@id":"https:\/\/blog.pressloft.com\/de\/2014\/04\/geschenkideen-zum-vatertag\/","url":"https:\/\/blog.pressloft.com\/de\/2014\/04\/geschenkideen-zum-vatertag\/","name":"Geschenkideen zum Vatertag! - Press Loft blog","isPartOf":{"@id":"https:\/\/blog.pressloft.com\/#website"},"primaryImageOfPage":{"@id":"https:\/\/blog.pressloft.com\/de\/2014\/04\/geschenkideen-zum-vatertag\/#primaryimage"},"image":{"@id":"https:\/\/blog.pressloft.com\/de\/2014\/04\/geschenkideen-zum-vatertag\/#primaryimage"},"thumbnailUrl":"https:\/\/blog.pressloft.com\/wp-content\/uploads\/2014\/04\/2014-04-01_1425.png?w=594","datePublished":"2014-04-01T14:38:36+00:00","dateModified":"2017-01-30T04:16:08+00:00","breadcrumb":{"@id":"https:\/\/blog.pressloft.com\/de\/2014\/04\/geschenkideen-zum-vatertag\/#breadcrumb"},"inLanguage":"de","potentialAction":[{"@type":"ReadAction","target":["https:\/\/blog.pressloft.com\/de\/2014\/04\/geschenkideen-zum-vatertag\/"]}]},{"@type":"ImageObject","inLanguage":"de","@id":"https:\/\/blog.pressloft.com\/de\/2014\/04\/geschenkideen-zum-vatertag\/#primaryimage","url":"https:\/\/blog.pressloft.com\/wp-content\/uploads\/2014\/04\/2014-04-01_1425.png?w=594","contentUrl":"https:\/\/blog.pressloft.com\/wp-content\/uploads\/2014\/04\/2014-04-01_1425.png?w=594"},{"@type":"BreadcrumbList","@id":"https:\/\/blog.pressloft.com\/de\/2014\/04\/geschenkideen-zum-vatertag\/#breadcrumb","itemListElement":[{"@type":"ListItem","position":1,"name":"Home","item":"https:\/\/blog.pressloft.com\/"},{"@type":"ListItem","position":2,"name":"Geschenkideen zum Vatertag!"}]},{"@type":"WebSite","@id":"https:\/\/blog.pressloft.com\/#website","url":"https:\/\/blog.pressloft.com\/","name":"Press Loft blog","description":"PR Made Simple","publisher":{"@id":"https:\/\/blog.pressloft.com\/#organization"},"potentialAction":[{"@type":"SearchAction","target":{"@type":"EntryPoint","urlTemplate":"https:\/\/blog.pressloft.com\/?s={search_term_string}"},"query-input":{"@type":"PropertyValueSpecification","valueRequired":true,"valueName":"search_term_string"}}],"inLanguage":"de"},{"@type":"Organization","@id":"https:\/\/blog.pressloft.com\/#organization","name":"Press Loft blog","url":"https:\/\/blog.pressloft.com\/","logo":{"@type":"ImageObject","inLanguage":"de","@id":"https:\/\/blog.pressloft.com\/#\/schema\/logo\/image\/","url":"https:\/\/i0.wp.com\/blog.pressloft.com\/wp-content\/uploads\/2023\/09\/blog-logo.png?fit=272%2C90&ssl=1","contentUrl":"https:\/\/i0.wp.com\/blog.pressloft.com\/wp-content\/uploads\/2023\/09\/blog-logo.png?fit=272%2C90&ssl=1","width":272,"height":90,"caption":"Press Loft blog"},"image":{"@id":"https:\/\/blog.pressloft.com\/#\/schema\/logo\/image\/"},"sameAs":["https:\/\/www.facebook.com\/PressLoft\/?locale=en_GB","https:\/\/www.instagram.com\/pressloft\/?hl=en-gb","https:\/\/uk.linkedin.com\/company\/pressloft"]},{"@type":"Person","@id":"https:\/\/blog.pressloft.com\/#\/schema\/person\/bb010c98319ad4ee10c12d4bbb62117d","name":"admin","url":"https:\/\/blog.pressloft.com\/de\/author\/admin\/"}]}},"jetpack_publicize_connections":[],"jetpack_featured_media_url":"","jetpack_sharing_enabled":true,"jetpack_shortlink":"https:\/\/wp.me\/pbvzo7-Qf","_links":{"self":[{"href":"https:\/\/blog.pressloft.com\/de\/wp-json\/wp\/v2\/posts\/3239\/"}],"collection":[{"href":"https:\/\/blog.pressloft.com\/de\/wp-json\/wp\/v2\/posts\/"}],"about":[{"href":"https:\/\/blog.pressloft.com\/de\/wp-json\/wp\/v2\/types\/post\/"}],"author":[{"embeddable":true,"href":"https:\/\/blog.pressloft.com\/de\/wp-json\/wp\/v2\/users\/1\/"}],"replies":[{"embeddable":true,"href":"https:\/\/blog.pressloft.com\/de\/wp-json\/wp\/v2\/comments\/?post=3239"}],"version-history":[{"count":1,"href":"https:\/\/blog.pressloft.com\/de\/wp-json\/wp\/v2\/posts\/3239\/revisions\/"}],"predecessor-version":[{"id":9367,"href":"https:\/\/blog.pressloft.com\/de\/wp-json\/wp\/v2\/posts\/3239\/revisions\/9367\/"}],"wp:attachment":[{"href":"https:\/\/blog.pressloft.com\/de\/wp-json\/wp\/v2\/media\/?parent=3239"}],"wp:term":[{"taxonomy":"category","embeddable":true,"href":"https:\/\/blog.pressloft.com\/de\/wp-json\/wp\/v2\/categories\/?post=3239"},{"taxonomy":"post_tag","embeddable":true,"href":"https:\/\/blog.pressloft.com\/de\/wp-json\/wp\/v2\/tags\/?post=3239"}],"curies":[{"name":"wp","href":"https:\/\/api.w.org\/{rel}","templated":true}]}}