{"id":3594,"date":"2014-08-10T14:26:22","date_gmt":"2014-08-10T14:26:22","guid":{"rendered":"http:\/\/pressloft.wordpress.com\/?p=3594"},"modified":"2017-01-30T04:15:42","modified_gmt":"2017-01-30T04:15:42","slug":"sommerliches-fur-den-balkon","status":"publish","type":"post","link":"https:\/\/blog.pressloft.com\/de\/2014\/08\/sommerliches-fur-den-balkon\/","title":{"rendered":"Sommerliches f\u00fcr den Balkon"},"content":{"rendered":"<p><a href=\"http:\/\/www.pressloft.com\/product.php?pid=737767&amp;tid=4\"><img data-recalc-dims=\"1\" loading=\"lazy\" decoding=\"async\" class=\"aligncenter wp-image-3597 size-full\" src=\"https:\/\/i0.wp.com\/blog.pressloft.com\/wp-content\/uploads\/2014\/04\/balkonien1.jpg?resize=594%2C396&#038;ssl=1\" alt=\"Balkonien1\" width=\"594\" height=\"396\" srcset=\"https:\/\/i0.wp.com\/blog.pressloft.com\/wp-content\/uploads\/2014\/04\/balkonien1.jpg?w=600&amp;ssl=1 600w, https:\/\/i0.wp.com\/blog.pressloft.com\/wp-content\/uploads\/2014\/04\/balkonien1.jpg?resize=300%2C200&amp;ssl=1 300w\" sizes=\"auto, (max-width: 594px) 100vw, 594px\" \/><\/a>Ein Bakon ist der perfekte Ort um seine Sommertage zu verbringen. Ein ausgiebiges Fr\u00fchst\u00fcck am Balkon mit dem Fr\u00fchst\u00fccksservice von <a style=\"color: #000000;\" href=\"http:\/\/www.pressloft.com\/processes\/_outbound.php?c=12409&amp;f=http:\/\/www.kahla-porzellanshop.de\/\" target=\"_new\">kahla-porzellanshop.de<\/a>, ist der perfekte Start in den Tag.<\/p>\n<p><a href=\"https:\/\/i0.wp.com\/blog.pressloft.com\/wp-content\/uploads\/2014\/04\/frc3bchstc3bccksservice-kahla.jpg?ssl=1\"><img data-recalc-dims=\"1\" loading=\"lazy\" decoding=\"async\" class=\"aligncenter size-full wp-image-3602\" src=\"https:\/\/i0.wp.com\/blog.pressloft.com\/wp-content\/uploads\/2014\/04\/frc3bchstc3bccksservice-kahla.jpg?resize=594%2C594&#038;ssl=1\" alt=\"Fr\u00fchst\u00fccksservice Kahla\" width=\"594\" height=\"594\" srcset=\"https:\/\/i0.wp.com\/blog.pressloft.com\/wp-content\/uploads\/2014\/04\/frc3bchstc3bccksservice-kahla.jpg?w=600&amp;ssl=1 600w, https:\/\/i0.wp.com\/blog.pressloft.com\/wp-content\/uploads\/2014\/04\/frc3bchstc3bccksservice-kahla.jpg?resize=150%2C150&amp;ssl=1 150w, https:\/\/i0.wp.com\/blog.pressloft.com\/wp-content\/uploads\/2014\/04\/frc3bchstc3bccksservice-kahla.jpg?resize=300%2C300&amp;ssl=1 300w, https:\/\/i0.wp.com\/blog.pressloft.com\/wp-content\/uploads\/2014\/04\/frc3bchstc3bccksservice-kahla.jpg?resize=100%2C100&amp;ssl=1 100w\" sizes=\"auto, (max-width: 594px) 100vw, 594px\" \/><\/a><!--more--><\/p>\n<p>Ein Mittagsschl\u00e4fchen unter dem Sonnenschirm von design3000.de, ist ideal um sich zwischendurch vom Alltag zu erholen.<\/p>\n<p><a href=\"http:\/\/www.pressloft.com\/product.php?pid=940175&amp;tid=4\"><img data-recalc-dims=\"1\" loading=\"lazy\" decoding=\"async\" class=\"aligncenter wp-image-3603 size-full\" src=\"https:\/\/i0.wp.com\/blog.pressloft.com\/wp-content\/uploads\/2014\/04\/sonnenschirm-design3000.jpg?resize=594%2C594&#038;ssl=1\" alt=\"Sonnenschirm design3000\" width=\"594\" height=\"594\" srcset=\"https:\/\/i0.wp.com\/blog.pressloft.com\/wp-content\/uploads\/2014\/04\/sonnenschirm-design3000.jpg?w=600&amp;ssl=1 600w, https:\/\/i0.wp.com\/blog.pressloft.com\/wp-content\/uploads\/2014\/04\/sonnenschirm-design3000.jpg?resize=150%2C150&amp;ssl=1 150w, https:\/\/i0.wp.com\/blog.pressloft.com\/wp-content\/uploads\/2014\/04\/sonnenschirm-design3000.jpg?resize=300%2C300&amp;ssl=1 300w, https:\/\/i0.wp.com\/blog.pressloft.com\/wp-content\/uploads\/2014\/04\/sonnenschirm-design3000.jpg?resize=100%2C100&amp;ssl=1 100w\" sizes=\"auto, (max-width: 594px) 100vw, 594px\" \/><\/a><\/p>\n<p>Ein BBQ bei Sonnenuntergang\u00a0mit dem Tischgrill von\u00a0stilbegeistert.com\u00a0l\u00e4sst jeden Tag\u00a0gut enden. Wer k\u00f6nnte das nicht genie\u00dfen?<\/p>\n<p><a href=\"https:\/\/i0.wp.com\/blog.pressloft.com\/wp-content\/uploads\/2014\/04\/grill-von-stilbegeistert.jpg?ssl=1\"><img data-recalc-dims=\"1\" loading=\"lazy\" decoding=\"async\" class=\"aligncenter size-full wp-image-3604\" src=\"https:\/\/i0.wp.com\/blog.pressloft.com\/wp-content\/uploads\/2014\/04\/grill-von-stilbegeistert.jpg?resize=594%2C594&#038;ssl=1\" alt=\"Grill von Stilbegeistert\" width=\"594\" height=\"594\" srcset=\"https:\/\/i0.wp.com\/blog.pressloft.com\/wp-content\/uploads\/2014\/04\/grill-von-stilbegeistert.jpg?w=600&amp;ssl=1 600w, https:\/\/i0.wp.com\/blog.pressloft.com\/wp-content\/uploads\/2014\/04\/grill-von-stilbegeistert.jpg?resize=150%2C150&amp;ssl=1 150w, https:\/\/i0.wp.com\/blog.pressloft.com\/wp-content\/uploads\/2014\/04\/grill-von-stilbegeistert.jpg?resize=300%2C300&amp;ssl=1 300w, https:\/\/i0.wp.com\/blog.pressloft.com\/wp-content\/uploads\/2014\/04\/grill-von-stilbegeistert.jpg?resize=100%2C100&amp;ssl=1 100w\" sizes=\"auto, (max-width: 594px) 100vw, 594px\" \/><\/a><\/p>\n<p>So machen Sie auch Ihren Balkon zur perfekten Sommer-Location: 1. Kerzenhalter von amirior.de, 2. geschenke24-gmbh.de,\u00a03. Tisch und Stuhl von\u00a0amesdesign.de, 4. Sonnenschirm von design3000.de, 5. Sektk\u00fchler von\u00a0<a style=\"color: #000000;\" href=\"http:\/\/www.pressloft.com\/processes\/_outbound.php?c=11717&amp;f=http:\/\/www.artchateau.de\" target=\"_new\">artchateau.de<\/a>.<\/p>\n<p><a href=\"https:\/\/i0.wp.com\/blog.pressloft.com\/wp-content\/uploads\/2014\/04\/balkonien-accessoires.jpg?ssl=1\"><img data-recalc-dims=\"1\" loading=\"lazy\" decoding=\"async\" class=\"aligncenter size-full wp-image-3607\" src=\"https:\/\/i0.wp.com\/blog.pressloft.com\/wp-content\/uploads\/2014\/04\/balkonien-accessoires.jpg?resize=594%2C485&#038;ssl=1\" alt=\"Balkonien Accessoires\" width=\"594\" height=\"485\" srcset=\"https:\/\/i0.wp.com\/blog.pressloft.com\/wp-content\/uploads\/2014\/04\/balkonien-accessoires.jpg?w=600&amp;ssl=1 600w, https:\/\/i0.wp.com\/blog.pressloft.com\/wp-content\/uploads\/2014\/04\/balkonien-accessoires.jpg?resize=300%2C245&amp;ssl=1 300w\" sizes=\"auto, (max-width: 594px) 100vw, 594px\" \/><\/a><\/p>\n<p>Weitere sch\u00f6ne Produkte, die auch\u00a0Ihren Balkon zum sommerlichen Lieblingsort\u00a0werden lassen, finden Sie auf <span style=\"text-decoration: underline;\"><strong><span style=\"color: #99cc00;\"><a href=\"http:\/\/www.pressloft.com\/browser.php?searchFor=balkon&amp;iid=52&amp;tid=4\"><span style=\"color: #99cc00; text-decoration: underline;\">Press Loft<\/span><\/a><\/span><\/strong><\/span>.<\/p>\n","protected":false},"excerpt":{"rendered":"<p>Ein Bakon ist der perfekte Ort um seine Sommertage zu verbringen. Ein ausgiebiges Fr\u00fchst\u00fcck am Balkon mit dem Fr\u00fchst\u00fccksservice von kahla-porzellanshop.de, ist der perfekte Start in den Tag.<\/p>\n","protected":false},"author":1,"featured_media":0,"comment_status":"open","ping_status":"open","sticky":false,"template":"","format":"standard","meta":{"_jetpack_memberships_contains_paid_content":false,"footnotes":"","jetpack_publicize_message":"","jetpack_publicize_feature_enabled":true,"jetpack_social_post_already_shared":false,"jetpack_social_options":{"image_generator_settings":{"template":"highway","default_image_id":0,"font":"","enabled":false},"version":2}},"categories":[1348,6,1345,1347,1342],"tags":[99,100,332,441,449,644,841,891,902,925,956,972,1063,1064,1084,1088,1114,1175],"class_list":["post-3594","post","type-post","status-publish","format-standard","hentry","category-alle","category-german","category-pr-marketing-tipps","category-neuigkeiten-trends","category-unkategorisiert","tag-balkon","tag-balkonien","tag-drausen","tag-garten","tag-gunstig","tag-kostengunstig","tag-outdoor","tag-plattform","tag-pr","tag-press-loft","tag-pressloft","tag-public-relation","tag-sekt","tag-sektkuhler","tag-sommer","tag-sonnenschirm","tag-stuhl","tag-tisch"],"yoast_head":"<!-- This site is optimized with the Yoast SEO plugin v23.4 - https:\/\/yoast.com\/wordpress\/plugins\/seo\/ -->\n<title>Sommerliches f\u00fcr den Balkon - Press Loft blog<\/title>\n<meta name=\"robots\" content=\"index, follow, max-snippet:-1, max-image-preview:large, max-video-preview:-1\" \/>\n<link rel=\"canonical\" href=\"https:\/\/blog.pressloft.com\/de\/2014\/08\/sommerliches-fur-den-balkon\/\" \/>\n<meta property=\"og:locale\" content=\"de_DE\" \/>\n<meta property=\"og:type\" content=\"article\" \/>\n<meta property=\"og:title\" content=\"Sommerliches f\u00fcr den Balkon - Press Loft blog\" \/>\n<meta property=\"og:description\" content=\"Ein Bakon ist der perfekte Ort um seine Sommertage zu verbringen. Ein ausgiebiges Fr\u00fchst\u00fcck am Balkon mit dem Fr\u00fchst\u00fccksservice von kahla-porzellanshop.de, ist der perfekte Start in den Tag.\" \/>\n<meta property=\"og:url\" content=\"https:\/\/blog.pressloft.com\/de\/2014\/08\/sommerliches-fur-den-balkon\/\" \/>\n<meta property=\"og:site_name\" content=\"Press Loft blog\" \/>\n<meta property=\"article:publisher\" content=\"https:\/\/www.facebook.com\/PressLoft\/?locale=en_GB\" \/>\n<meta property=\"article:published_time\" content=\"2014-08-10T14:26:22+00:00\" \/>\n<meta property=\"article:modified_time\" content=\"2017-01-30T04:15:42+00:00\" \/>\n<meta property=\"og:image\" content=\"https:\/\/blog.pressloft.com\/wp-content\/uploads\/2014\/04\/balkonien1.jpg\" \/>\n<meta name=\"author\" content=\"admin\" \/>\n<meta name=\"twitter:card\" content=\"summary_large_image\" \/>\n<meta name=\"twitter:label1\" content=\"Verfasst von\" \/>\n\t<meta name=\"twitter:data1\" content=\"admin\" \/>\n\t<meta name=\"twitter:label2\" content=\"Gesch\u00e4tzte Lesezeit\" \/>\n\t<meta name=\"twitter:data2\" content=\"1\u00a0Minute\" \/>\n<script type=\"application\/ld+json\" class=\"yoast-schema-graph\">{\"@context\":\"https:\/\/schema.org\",\"@graph\":[{\"@type\":\"Article\",\"@id\":\"https:\/\/blog.pressloft.com\/de\/2014\/08\/sommerliches-fur-den-balkon\/#article\",\"isPartOf\":{\"@id\":\"https:\/\/blog.pressloft.com\/de\/2014\/08\/sommerliches-fur-den-balkon\/\"},\"author\":{\"name\":\"admin\",\"@id\":\"https:\/\/blog.pressloft.com\/#\/schema\/person\/bb010c98319ad4ee10c12d4bbb62117d\"},\"headline\":\"Sommerliches f\u00fcr den Balkon\",\"datePublished\":\"2014-08-10T14:26:22+00:00\",\"dateModified\":\"2017-01-30T04:15:42+00:00\",\"mainEntityOfPage\":{\"@id\":\"https:\/\/blog.pressloft.com\/de\/2014\/08\/sommerliches-fur-den-balkon\/\"},\"wordCount\":128,\"commentCount\":0,\"publisher\":{\"@id\":\"https:\/\/blog.pressloft.com\/#organization\"},\"image\":{\"@id\":\"https:\/\/blog.pressloft.com\/de\/2014\/08\/sommerliches-fur-den-balkon\/#primaryimage\"},\"thumbnailUrl\":\"https:\/\/blog.pressloft.com\/wp-content\/uploads\/2014\/04\/balkonien1.jpg\",\"keywords\":[\"Balkon\",\"Balkonien\",\"drau\u00dfen\",\"garten\",\"g\u00fcnstig\",\"kosteng\u00fcnstig\",\"Outdoor\",\"plattform\",\"pr\",\"Press Loft\",\"Pressloft\",\"Public Relation\",\"Sekt\",\"Sektk\u00fchler\",\"sommer\",\"Sonnenschirm\",\"Stuhl\",\"Tisch\"],\"articleSection\":[\"Alle Beitr\u00e4ge\",\"German\",\"PR &amp; Marketing-Tipps\",\"Neuigkeiten &amp; Trends\",\"Unkategorisiert\"],\"inLanguage\":\"de\",\"potentialAction\":[{\"@type\":\"CommentAction\",\"name\":\"Comment\",\"target\":[\"https:\/\/blog.pressloft.com\/de\/2014\/08\/sommerliches-fur-den-balkon\/#respond\"]}]},{\"@type\":\"WebPage\",\"@id\":\"https:\/\/blog.pressloft.com\/de\/2014\/08\/sommerliches-fur-den-balkon\/\",\"url\":\"https:\/\/blog.pressloft.com\/de\/2014\/08\/sommerliches-fur-den-balkon\/\",\"name\":\"Sommerliches f\u00fcr den Balkon - Press Loft blog\",\"isPartOf\":{\"@id\":\"https:\/\/blog.pressloft.com\/#website\"},\"primaryImageOfPage\":{\"@id\":\"https:\/\/blog.pressloft.com\/de\/2014\/08\/sommerliches-fur-den-balkon\/#primaryimage\"},\"image\":{\"@id\":\"https:\/\/blog.pressloft.com\/de\/2014\/08\/sommerliches-fur-den-balkon\/#primaryimage\"},\"thumbnailUrl\":\"https:\/\/blog.pressloft.com\/wp-content\/uploads\/2014\/04\/balkonien1.jpg\",\"datePublished\":\"2014-08-10T14:26:22+00:00\",\"dateModified\":\"2017-01-30T04:15:42+00:00\",\"breadcrumb\":{\"@id\":\"https:\/\/blog.pressloft.com\/de\/2014\/08\/sommerliches-fur-den-balkon\/#breadcrumb\"},\"inLanguage\":\"de\",\"potentialAction\":[{\"@type\":\"ReadAction\",\"target\":[\"https:\/\/blog.pressloft.com\/de\/2014\/08\/sommerliches-fur-den-balkon\/\"]}]},{\"@type\":\"ImageObject\",\"inLanguage\":\"de\",\"@id\":\"https:\/\/blog.pressloft.com\/de\/2014\/08\/sommerliches-fur-den-balkon\/#primaryimage\",\"url\":\"https:\/\/blog.pressloft.com\/wp-content\/uploads\/2014\/04\/balkonien1.jpg\",\"contentUrl\":\"https:\/\/blog.pressloft.com\/wp-content\/uploads\/2014\/04\/balkonien1.jpg\"},{\"@type\":\"BreadcrumbList\",\"@id\":\"https:\/\/blog.pressloft.com\/de\/2014\/08\/sommerliches-fur-den-balkon\/#breadcrumb\",\"itemListElement\":[{\"@type\":\"ListItem\",\"position\":1,\"name\":\"Home\",\"item\":\"https:\/\/blog.pressloft.com\/\"},{\"@type\":\"ListItem\",\"position\":2,\"name\":\"Sommerliches f\u00fcr den Balkon\"}]},{\"@type\":\"WebSite\",\"@id\":\"https:\/\/blog.pressloft.com\/#website\",\"url\":\"https:\/\/blog.pressloft.com\/\",\"name\":\"Press Loft blog\",\"description\":\"PR Made Simple\",\"publisher\":{\"@id\":\"https:\/\/blog.pressloft.com\/#organization\"},\"potentialAction\":[{\"@type\":\"SearchAction\",\"target\":{\"@type\":\"EntryPoint\",\"urlTemplate\":\"https:\/\/blog.pressloft.com\/?s={search_term_string}\"},\"query-input\":{\"@type\":\"PropertyValueSpecification\",\"valueRequired\":true,\"valueName\":\"search_term_string\"}}],\"inLanguage\":\"de\"},{\"@type\":\"Organization\",\"@id\":\"https:\/\/blog.pressloft.com\/#organization\",\"name\":\"Press Loft blog\",\"url\":\"https:\/\/blog.pressloft.com\/\",\"logo\":{\"@type\":\"ImageObject\",\"inLanguage\":\"de\",\"@id\":\"https:\/\/blog.pressloft.com\/#\/schema\/logo\/image\/\",\"url\":\"https:\/\/i0.wp.com\/blog.pressloft.com\/wp-content\/uploads\/2023\/09\/blog-logo.png?fit=272%2C90&ssl=1\",\"contentUrl\":\"https:\/\/i0.wp.com\/blog.pressloft.com\/wp-content\/uploads\/2023\/09\/blog-logo.png?fit=272%2C90&ssl=1\",\"width\":272,\"height\":90,\"caption\":\"Press Loft blog\"},\"image\":{\"@id\":\"https:\/\/blog.pressloft.com\/#\/schema\/logo\/image\/\"},\"sameAs\":[\"https:\/\/www.facebook.com\/PressLoft\/?locale=en_GB\",\"https:\/\/www.instagram.com\/pressloft\/?hl=en-gb\",\"https:\/\/uk.linkedin.com\/company\/pressloft\"]},{\"@type\":\"Person\",\"@id\":\"https:\/\/blog.pressloft.com\/#\/schema\/person\/bb010c98319ad4ee10c12d4bbb62117d\",\"name\":\"admin\",\"url\":\"https:\/\/blog.pressloft.com\/de\/author\/admin\/\"}]}<\/script>\n<!-- \/ Yoast SEO plugin. -->","yoast_head_json":{"title":"Sommerliches f\u00fcr den Balkon - Press Loft blog","robots":{"index":"index","follow":"follow","max-snippet":"max-snippet:-1","max-image-preview":"max-image-preview:large","max-video-preview":"max-video-preview:-1"},"canonical":"https:\/\/blog.pressloft.com\/de\/2014\/08\/sommerliches-fur-den-balkon\/","og_locale":"de_DE","og_type":"article","og_title":"Sommerliches f\u00fcr den Balkon - Press Loft blog","og_description":"Ein Bakon ist der perfekte Ort um seine Sommertage zu verbringen. Ein ausgiebiges Fr\u00fchst\u00fcck am Balkon mit dem Fr\u00fchst\u00fccksservice von kahla-porzellanshop.de, ist der perfekte Start in den Tag.","og_url":"https:\/\/blog.pressloft.com\/de\/2014\/08\/sommerliches-fur-den-balkon\/","og_site_name":"Press Loft blog","article_publisher":"https:\/\/www.facebook.com\/PressLoft\/?locale=en_GB","article_published_time":"2014-08-10T14:26:22+00:00","article_modified_time":"2017-01-30T04:15:42+00:00","og_image":[{"url":"https:\/\/blog.pressloft.com\/wp-content\/uploads\/2014\/04\/balkonien1.jpg"}],"author":"admin","twitter_card":"summary_large_image","twitter_misc":{"Verfasst von":"admin","Gesch\u00e4tzte Lesezeit":"1\u00a0Minute"},"schema":{"@context":"https:\/\/schema.org","@graph":[{"@type":"Article","@id":"https:\/\/blog.pressloft.com\/de\/2014\/08\/sommerliches-fur-den-balkon\/#article","isPartOf":{"@id":"https:\/\/blog.pressloft.com\/de\/2014\/08\/sommerliches-fur-den-balkon\/"},"author":{"name":"admin","@id":"https:\/\/blog.pressloft.com\/#\/schema\/person\/bb010c98319ad4ee10c12d4bbb62117d"},"headline":"Sommerliches f\u00fcr den Balkon","datePublished":"2014-08-10T14:26:22+00:00","dateModified":"2017-01-30T04:15:42+00:00","mainEntityOfPage":{"@id":"https:\/\/blog.pressloft.com\/de\/2014\/08\/sommerliches-fur-den-balkon\/"},"wordCount":128,"commentCount":0,"publisher":{"@id":"https:\/\/blog.pressloft.com\/#organization"},"image":{"@id":"https:\/\/blog.pressloft.com\/de\/2014\/08\/sommerliches-fur-den-balkon\/#primaryimage"},"thumbnailUrl":"https:\/\/blog.pressloft.com\/wp-content\/uploads\/2014\/04\/balkonien1.jpg","keywords":["Balkon","Balkonien","drau\u00dfen","garten","g\u00fcnstig","kosteng\u00fcnstig","Outdoor","plattform","pr","Press Loft","Pressloft","Public Relation","Sekt","Sektk\u00fchler","sommer","Sonnenschirm","Stuhl","Tisch"],"articleSection":["Alle Beitr\u00e4ge","German","PR &amp; Marketing-Tipps","Neuigkeiten &amp; Trends","Unkategorisiert"],"inLanguage":"de","potentialAction":[{"@type":"CommentAction","name":"Comment","target":["https:\/\/blog.pressloft.com\/de\/2014\/08\/sommerliches-fur-den-balkon\/#respond"]}]},{"@type":"WebPage","@id":"https:\/\/blog.pressloft.com\/de\/2014\/08\/sommerliches-fur-den-balkon\/","url":"https:\/\/blog.pressloft.com\/de\/2014\/08\/sommerliches-fur-den-balkon\/","name":"Sommerliches f\u00fcr den Balkon - Press Loft blog","isPartOf":{"@id":"https:\/\/blog.pressloft.com\/#website"},"primaryImageOfPage":{"@id":"https:\/\/blog.pressloft.com\/de\/2014\/08\/sommerliches-fur-den-balkon\/#primaryimage"},"image":{"@id":"https:\/\/blog.pressloft.com\/de\/2014\/08\/sommerliches-fur-den-balkon\/#primaryimage"},"thumbnailUrl":"https:\/\/blog.pressloft.com\/wp-content\/uploads\/2014\/04\/balkonien1.jpg","datePublished":"2014-08-10T14:26:22+00:00","dateModified":"2017-01-30T04:15:42+00:00","breadcrumb":{"@id":"https:\/\/blog.pressloft.com\/de\/2014\/08\/sommerliches-fur-den-balkon\/#breadcrumb"},"inLanguage":"de","potentialAction":[{"@type":"ReadAction","target":["https:\/\/blog.pressloft.com\/de\/2014\/08\/sommerliches-fur-den-balkon\/"]}]},{"@type":"ImageObject","inLanguage":"de","@id":"https:\/\/blog.pressloft.com\/de\/2014\/08\/sommerliches-fur-den-balkon\/#primaryimage","url":"https:\/\/blog.pressloft.com\/wp-content\/uploads\/2014\/04\/balkonien1.jpg","contentUrl":"https:\/\/blog.pressloft.com\/wp-content\/uploads\/2014\/04\/balkonien1.jpg"},{"@type":"BreadcrumbList","@id":"https:\/\/blog.pressloft.com\/de\/2014\/08\/sommerliches-fur-den-balkon\/#breadcrumb","itemListElement":[{"@type":"ListItem","position":1,"name":"Home","item":"https:\/\/blog.pressloft.com\/"},{"@type":"ListItem","position":2,"name":"Sommerliches f\u00fcr den Balkon"}]},{"@type":"WebSite","@id":"https:\/\/blog.pressloft.com\/#website","url":"https:\/\/blog.pressloft.com\/","name":"Press Loft blog","description":"PR Made Simple","publisher":{"@id":"https:\/\/blog.pressloft.com\/#organization"},"potentialAction":[{"@type":"SearchAction","target":{"@type":"EntryPoint","urlTemplate":"https:\/\/blog.pressloft.com\/?s={search_term_string}"},"query-input":{"@type":"PropertyValueSpecification","valueRequired":true,"valueName":"search_term_string"}}],"inLanguage":"de"},{"@type":"Organization","@id":"https:\/\/blog.pressloft.com\/#organization","name":"Press Loft blog","url":"https:\/\/blog.pressloft.com\/","logo":{"@type":"ImageObject","inLanguage":"de","@id":"https:\/\/blog.pressloft.com\/#\/schema\/logo\/image\/","url":"https:\/\/i0.wp.com\/blog.pressloft.com\/wp-content\/uploads\/2023\/09\/blog-logo.png?fit=272%2C90&ssl=1","contentUrl":"https:\/\/i0.wp.com\/blog.pressloft.com\/wp-content\/uploads\/2023\/09\/blog-logo.png?fit=272%2C90&ssl=1","width":272,"height":90,"caption":"Press Loft blog"},"image":{"@id":"https:\/\/blog.pressloft.com\/#\/schema\/logo\/image\/"},"sameAs":["https:\/\/www.facebook.com\/PressLoft\/?locale=en_GB","https:\/\/www.instagram.com\/pressloft\/?hl=en-gb","https:\/\/uk.linkedin.com\/company\/pressloft"]},{"@type":"Person","@id":"https:\/\/blog.pressloft.com\/#\/schema\/person\/bb010c98319ad4ee10c12d4bbb62117d","name":"admin","url":"https:\/\/blog.pressloft.com\/de\/author\/admin\/"}]}},"jetpack_publicize_connections":[],"jetpack_featured_media_url":"","jetpack_sharing_enabled":true,"jetpack_shortlink":"https:\/\/wp.me\/pbvzo7-VY","_links":{"self":[{"href":"https:\/\/blog.pressloft.com\/de\/wp-json\/wp\/v2\/posts\/3594\/"}],"collection":[{"href":"https:\/\/blog.pressloft.com\/de\/wp-json\/wp\/v2\/posts\/"}],"about":[{"href":"https:\/\/blog.pressloft.com\/de\/wp-json\/wp\/v2\/types\/post\/"}],"author":[{"embeddable":true,"href":"https:\/\/blog.pressloft.com\/de\/wp-json\/wp\/v2\/users\/1\/"}],"replies":[{"embeddable":true,"href":"https:\/\/blog.pressloft.com\/de\/wp-json\/wp\/v2\/comments\/?post=3594"}],"version-history":[{"count":1,"href":"https:\/\/blog.pressloft.com\/de\/wp-json\/wp\/v2\/posts\/3594\/revisions\/"}],"predecessor-version":[{"id":9362,"href":"https:\/\/blog.pressloft.com\/de\/wp-json\/wp\/v2\/posts\/3594\/revisions\/9362\/"}],"wp:attachment":[{"href":"https:\/\/blog.pressloft.com\/de\/wp-json\/wp\/v2\/media\/?parent=3594"}],"wp:term":[{"taxonomy":"category","embeddable":true,"href":"https:\/\/blog.pressloft.com\/de\/wp-json\/wp\/v2\/categories\/?post=3594"},{"taxonomy":"post_tag","embeddable":true,"href":"https:\/\/blog.pressloft.com\/de\/wp-json\/wp\/v2\/tags\/?post=3594"}],"curies":[{"name":"wp","href":"https:\/\/api.w.org\/{rel}","templated":true}]}}