{"id":412,"date":"2013-10-09T15:32:43","date_gmt":"2013-10-09T15:32:43","guid":{"rendered":"http:\/\/pressloft.wordpress.com\/?p=412"},"modified":"2017-01-30T04:12:23","modified_gmt":"2017-01-30T04:12:23","slug":"trend-der-woche","status":"publish","type":"post","link":"https:\/\/blog.pressloft.com\/de\/2013\/10\/trend-der-woche\/","title":{"rendered":"Trend der Woche"},"content":{"rendered":"<p><strong>Elegant, zeitlos und voll im Trend: Wei\u00df<\/strong><\/p>\n<p>Schlicht &amp; unauff\u00e4llig, gleichtzeitig edel &amp; stillvoll \u2013 Wei\u00df ist vielseitig und strahlt in neuem Glanz.<\/p>\n<p>Wei\u00df steht f\u00fcr Reinheit, Sauberkeit, Ordnung, Leichtigkeit und Licht, betont Strukturen, l\u00e4sst R\u00e4ume gr\u00f6\u00dfer wirken und hellt gerade im Winter die Wohnung auf. Wei\u00df kommt in vielen Facetten \u2013 cremewei\u00df, schneewei\u00df, brilliantwei\u00df, perlwei\u00df etc. &#8211; und l\u00e4sst sich wunderbar kombinieren und inszinieren.<\/p>\n<p>Wei\u00dfe M\u00f6bel oder eine winterlich wei\u00dfe Couchlandschaft k\u00f6nnen k\u00fchl und unpers\u00f6nlich wirken \u2013 aber kombinieren Sie wei\u00df mit ein paar knalligen Accessories oder Kissen und Sie setzen gekonnt Akzente und erzielen eine tolle Wirkung.<\/p>\n<p><img data-recalc-dims=\"1\" loading=\"lazy\" decoding=\"async\" id=\"i-416\" class=\" wp-image aligncenter\" style=\"font-size: 13px; line-height: 19px;\" src=\"https:\/\/i0.wp.com\/blog.pressloft.com\/wp-content\/uploads\/2013\/10\/838069_l.jpg?resize=600%2C600&#038;ssl=1\" alt=\"Image\" width=\"600\" height=\"600\" \/><img data-recalc-dims=\"1\" loading=\"lazy\" decoding=\"async\" id=\"i-417\" class=\" wp-image aligncenter\" style=\"font-size: 13px; line-height: 19px;\" src=\"https:\/\/i0.wp.com\/blog.pressloft.com\/wp-content\/uploads\/2013\/10\/672468_l.jpg?resize=600%2C600&#038;ssl=1\" alt=\"Image\" width=\"600\" height=\"600\" \/><\/p>\n<p><a style=\"font-size: 13px; line-height: 19px;\" href=\"https:\/\/i0.wp.com\/blog.pressloft.com\/wp-content\/uploads\/2013\/10\/840008_l.jpg?ssl=1\"><img data-recalc-dims=\"1\" loading=\"lazy\" decoding=\"async\" id=\"i-414\" class=\" wp-image aligncenter\" src=\"https:\/\/i0.wp.com\/blog.pressloft.com\/wp-content\/uploads\/2013\/10\/840008_l.jpg?resize=600%2C600&#038;ssl=1\" alt=\"Image\" width=\"600\" height=\"600\" \/><\/a><\/p>\n<p><a style=\"font-size: 13px; line-height: 19px;\" href=\"https:\/\/blog.pressloft.com\/wp-content\/uploads\/2013\/10\/840008_l.jpg\">F\u00fcr weitere Bilder klicken Sie bitte\u00a0<\/a><a href=\"http:\/\/http:\/\/www.pressloft.com\/feature.php?t=513&amp;tid=4\">hier<\/a>.<\/p>\n","protected":false},"excerpt":{"rendered":"<p>Elegant, zeitlos und voll im Trend: Wei\u00df Schlicht &amp; unauff\u00e4llig, gleichtzeitig edel &amp; stillvoll \u2013 Wei\u00df ist vielseitig und strahlt in neuem Glanz. Wei\u00df steht f\u00fcr Reinheit, Sauberkeit, Ordnung, Leichtigkeit und Licht, betont Strukturen, l\u00e4sst R\u00e4ume gr\u00f6\u00dfer wirken und hellt gerade im Winter die Wohnung auf. Wei\u00df kommt in vielen Facetten \u2013 cremewei\u00df, schneewei\u00df, brilliantwei\u00df, [&hellip;]<\/p>\n","protected":false},"author":1,"featured_media":0,"comment_status":"open","ping_status":"open","sticky":false,"template":"","format":"standard","meta":{"_jetpack_memberships_contains_paid_content":false,"footnotes":"","jetpack_publicize_message":"","jetpack_publicize_feature_enabled":true,"jetpack_social_post_already_shared":true,"jetpack_social_options":{"image_generator_settings":{"template":"highway","default_image_id":0,"font":"","enabled":false},"version":2}},"categories":[1348,6,1347,1342],"tags":[1191,1253],"class_list":["post-412","post","type-post","status-publish","format-standard","hentry","category-alle","category-german","category-neuigkeiten-trends","category-unkategorisiert","tag-trend","tag-weis"],"yoast_head":"<!-- This site is optimized with the Yoast SEO plugin v23.4 - https:\/\/yoast.com\/wordpress\/plugins\/seo\/ -->\n<title>Trend der Woche - Press Loft blog<\/title>\n<meta name=\"robots\" content=\"index, follow, max-snippet:-1, max-image-preview:large, max-video-preview:-1\" \/>\n<link rel=\"canonical\" href=\"https:\/\/blog.pressloft.com\/de\/2013\/10\/trend-der-woche\/\" \/>\n<meta property=\"og:locale\" content=\"de_DE\" \/>\n<meta property=\"og:type\" content=\"article\" \/>\n<meta property=\"og:title\" content=\"Trend der Woche - Press Loft blog\" \/>\n<meta property=\"og:description\" content=\"Elegant, zeitlos und voll im Trend: Wei\u00df Schlicht &amp; unauff\u00e4llig, gleichtzeitig edel &amp; stillvoll \u2013 Wei\u00df ist vielseitig und strahlt in neuem Glanz. Wei\u00df steht f\u00fcr Reinheit, Sauberkeit, Ordnung, Leichtigkeit und Licht, betont Strukturen, l\u00e4sst R\u00e4ume gr\u00f6\u00dfer wirken und hellt gerade im Winter die Wohnung auf. Wei\u00df kommt in vielen Facetten \u2013 cremewei\u00df, schneewei\u00df, brilliantwei\u00df, [&hellip;]\" \/>\n<meta property=\"og:url\" content=\"https:\/\/blog.pressloft.com\/de\/2013\/10\/trend-der-woche\/\" \/>\n<meta property=\"og:site_name\" content=\"Press Loft blog\" \/>\n<meta property=\"article:publisher\" content=\"https:\/\/www.facebook.com\/PressLoft\/?locale=en_GB\" \/>\n<meta property=\"article:published_time\" content=\"2013-10-09T15:32:43+00:00\" \/>\n<meta property=\"article:modified_time\" content=\"2017-01-30T04:12:23+00:00\" \/>\n<meta property=\"og:image\" content=\"https:\/\/blog.pressloft.com\/wp-content\/uploads\/2013\/10\/838069_l.jpg?w=650\" \/>\n<meta name=\"author\" content=\"admin\" \/>\n<meta name=\"twitter:card\" content=\"summary_large_image\" \/>\n<meta name=\"twitter:label1\" content=\"Verfasst von\" \/>\n\t<meta name=\"twitter:data1\" content=\"admin\" \/>\n\t<meta name=\"twitter:label2\" content=\"Gesch\u00e4tzte Lesezeit\" \/>\n\t<meta name=\"twitter:data2\" content=\"1\u00a0Minute\" \/>\n<script type=\"application\/ld+json\" class=\"yoast-schema-graph\">{\"@context\":\"https:\/\/schema.org\",\"@graph\":[{\"@type\":\"Article\",\"@id\":\"https:\/\/blog.pressloft.com\/de\/2013\/10\/trend-der-woche\/#article\",\"isPartOf\":{\"@id\":\"https:\/\/blog.pressloft.com\/de\/2013\/10\/trend-der-woche\/\"},\"author\":{\"name\":\"admin\",\"@id\":\"https:\/\/blog.pressloft.com\/#\/schema\/person\/bb010c98319ad4ee10c12d4bbb62117d\"},\"headline\":\"Trend der Woche\",\"datePublished\":\"2013-10-09T15:32:43+00:00\",\"dateModified\":\"2017-01-30T04:12:23+00:00\",\"mainEntityOfPage\":{\"@id\":\"https:\/\/blog.pressloft.com\/de\/2013\/10\/trend-der-woche\/\"},\"wordCount\":119,\"commentCount\":0,\"publisher\":{\"@id\":\"https:\/\/blog.pressloft.com\/#organization\"},\"image\":{\"@id\":\"https:\/\/blog.pressloft.com\/de\/2013\/10\/trend-der-woche\/#primaryimage\"},\"thumbnailUrl\":\"https:\/\/blog.pressloft.com\/wp-content\/uploads\/2013\/10\/838069_l.jpg?w=650\",\"keywords\":[\"trend\",\"wei\u00df\"],\"articleSection\":[\"Alle Beitr\u00e4ge\",\"German\",\"Neuigkeiten &amp; Trends\",\"Unkategorisiert\"],\"inLanguage\":\"de\",\"potentialAction\":[{\"@type\":\"CommentAction\",\"name\":\"Comment\",\"target\":[\"https:\/\/blog.pressloft.com\/de\/2013\/10\/trend-der-woche\/#respond\"]}]},{\"@type\":\"WebPage\",\"@id\":\"https:\/\/blog.pressloft.com\/de\/2013\/10\/trend-der-woche\/\",\"url\":\"https:\/\/blog.pressloft.com\/de\/2013\/10\/trend-der-woche\/\",\"name\":\"Trend der Woche - Press Loft blog\",\"isPartOf\":{\"@id\":\"https:\/\/blog.pressloft.com\/#website\"},\"primaryImageOfPage\":{\"@id\":\"https:\/\/blog.pressloft.com\/de\/2013\/10\/trend-der-woche\/#primaryimage\"},\"image\":{\"@id\":\"https:\/\/blog.pressloft.com\/de\/2013\/10\/trend-der-woche\/#primaryimage\"},\"thumbnailUrl\":\"https:\/\/blog.pressloft.com\/wp-content\/uploads\/2013\/10\/838069_l.jpg?w=650\",\"datePublished\":\"2013-10-09T15:32:43+00:00\",\"dateModified\":\"2017-01-30T04:12:23+00:00\",\"breadcrumb\":{\"@id\":\"https:\/\/blog.pressloft.com\/de\/2013\/10\/trend-der-woche\/#breadcrumb\"},\"inLanguage\":\"de\",\"potentialAction\":[{\"@type\":\"ReadAction\",\"target\":[\"https:\/\/blog.pressloft.com\/de\/2013\/10\/trend-der-woche\/\"]}]},{\"@type\":\"ImageObject\",\"inLanguage\":\"de\",\"@id\":\"https:\/\/blog.pressloft.com\/de\/2013\/10\/trend-der-woche\/#primaryimage\",\"url\":\"https:\/\/blog.pressloft.com\/wp-content\/uploads\/2013\/10\/838069_l.jpg?w=650\",\"contentUrl\":\"https:\/\/blog.pressloft.com\/wp-content\/uploads\/2013\/10\/838069_l.jpg?w=650\"},{\"@type\":\"BreadcrumbList\",\"@id\":\"https:\/\/blog.pressloft.com\/de\/2013\/10\/trend-der-woche\/#breadcrumb\",\"itemListElement\":[{\"@type\":\"ListItem\",\"position\":1,\"name\":\"Home\",\"item\":\"https:\/\/blog.pressloft.com\/\"},{\"@type\":\"ListItem\",\"position\":2,\"name\":\"Trend der Woche\"}]},{\"@type\":\"WebSite\",\"@id\":\"https:\/\/blog.pressloft.com\/#website\",\"url\":\"https:\/\/blog.pressloft.com\/\",\"name\":\"Press Loft blog\",\"description\":\"PR Made Simple\",\"publisher\":{\"@id\":\"https:\/\/blog.pressloft.com\/#organization\"},\"potentialAction\":[{\"@type\":\"SearchAction\",\"target\":{\"@type\":\"EntryPoint\",\"urlTemplate\":\"https:\/\/blog.pressloft.com\/?s={search_term_string}\"},\"query-input\":{\"@type\":\"PropertyValueSpecification\",\"valueRequired\":true,\"valueName\":\"search_term_string\"}}],\"inLanguage\":\"de\"},{\"@type\":\"Organization\",\"@id\":\"https:\/\/blog.pressloft.com\/#organization\",\"name\":\"Press Loft blog\",\"url\":\"https:\/\/blog.pressloft.com\/\",\"logo\":{\"@type\":\"ImageObject\",\"inLanguage\":\"de\",\"@id\":\"https:\/\/blog.pressloft.com\/#\/schema\/logo\/image\/\",\"url\":\"https:\/\/i0.wp.com\/blog.pressloft.com\/wp-content\/uploads\/2023\/09\/blog-logo.png?fit=272%2C90&ssl=1\",\"contentUrl\":\"https:\/\/i0.wp.com\/blog.pressloft.com\/wp-content\/uploads\/2023\/09\/blog-logo.png?fit=272%2C90&ssl=1\",\"width\":272,\"height\":90,\"caption\":\"Press Loft blog\"},\"image\":{\"@id\":\"https:\/\/blog.pressloft.com\/#\/schema\/logo\/image\/\"},\"sameAs\":[\"https:\/\/www.facebook.com\/PressLoft\/?locale=en_GB\",\"https:\/\/www.instagram.com\/pressloft\/?hl=en-gb\",\"https:\/\/uk.linkedin.com\/company\/pressloft\"]},{\"@type\":\"Person\",\"@id\":\"https:\/\/blog.pressloft.com\/#\/schema\/person\/bb010c98319ad4ee10c12d4bbb62117d\",\"name\":\"admin\",\"url\":\"https:\/\/blog.pressloft.com\/de\/author\/admin\/\"}]}<\/script>\n<!-- \/ Yoast SEO plugin. -->","yoast_head_json":{"title":"Trend der Woche - Press Loft blog","robots":{"index":"index","follow":"follow","max-snippet":"max-snippet:-1","max-image-preview":"max-image-preview:large","max-video-preview":"max-video-preview:-1"},"canonical":"https:\/\/blog.pressloft.com\/de\/2013\/10\/trend-der-woche\/","og_locale":"de_DE","og_type":"article","og_title":"Trend der Woche - Press Loft blog","og_description":"Elegant, zeitlos und voll im Trend: Wei\u00df Schlicht &amp; unauff\u00e4llig, gleichtzeitig edel &amp; stillvoll \u2013 Wei\u00df ist vielseitig und strahlt in neuem Glanz. Wei\u00df steht f\u00fcr Reinheit, Sauberkeit, Ordnung, Leichtigkeit und Licht, betont Strukturen, l\u00e4sst R\u00e4ume gr\u00f6\u00dfer wirken und hellt gerade im Winter die Wohnung auf. Wei\u00df kommt in vielen Facetten \u2013 cremewei\u00df, schneewei\u00df, brilliantwei\u00df, [&hellip;]","og_url":"https:\/\/blog.pressloft.com\/de\/2013\/10\/trend-der-woche\/","og_site_name":"Press Loft blog","article_publisher":"https:\/\/www.facebook.com\/PressLoft\/?locale=en_GB","article_published_time":"2013-10-09T15:32:43+00:00","article_modified_time":"2017-01-30T04:12:23+00:00","og_image":[{"url":"https:\/\/blog.pressloft.com\/wp-content\/uploads\/2013\/10\/838069_l.jpg?w=650"}],"author":"admin","twitter_card":"summary_large_image","twitter_misc":{"Verfasst von":"admin","Gesch\u00e4tzte Lesezeit":"1\u00a0Minute"},"schema":{"@context":"https:\/\/schema.org","@graph":[{"@type":"Article","@id":"https:\/\/blog.pressloft.com\/de\/2013\/10\/trend-der-woche\/#article","isPartOf":{"@id":"https:\/\/blog.pressloft.com\/de\/2013\/10\/trend-der-woche\/"},"author":{"name":"admin","@id":"https:\/\/blog.pressloft.com\/#\/schema\/person\/bb010c98319ad4ee10c12d4bbb62117d"},"headline":"Trend der Woche","datePublished":"2013-10-09T15:32:43+00:00","dateModified":"2017-01-30T04:12:23+00:00","mainEntityOfPage":{"@id":"https:\/\/blog.pressloft.com\/de\/2013\/10\/trend-der-woche\/"},"wordCount":119,"commentCount":0,"publisher":{"@id":"https:\/\/blog.pressloft.com\/#organization"},"image":{"@id":"https:\/\/blog.pressloft.com\/de\/2013\/10\/trend-der-woche\/#primaryimage"},"thumbnailUrl":"https:\/\/blog.pressloft.com\/wp-content\/uploads\/2013\/10\/838069_l.jpg?w=650","keywords":["trend","wei\u00df"],"articleSection":["Alle Beitr\u00e4ge","German","Neuigkeiten &amp; Trends","Unkategorisiert"],"inLanguage":"de","potentialAction":[{"@type":"CommentAction","name":"Comment","target":["https:\/\/blog.pressloft.com\/de\/2013\/10\/trend-der-woche\/#respond"]}]},{"@type":"WebPage","@id":"https:\/\/blog.pressloft.com\/de\/2013\/10\/trend-der-woche\/","url":"https:\/\/blog.pressloft.com\/de\/2013\/10\/trend-der-woche\/","name":"Trend der Woche - Press Loft blog","isPartOf":{"@id":"https:\/\/blog.pressloft.com\/#website"},"primaryImageOfPage":{"@id":"https:\/\/blog.pressloft.com\/de\/2013\/10\/trend-der-woche\/#primaryimage"},"image":{"@id":"https:\/\/blog.pressloft.com\/de\/2013\/10\/trend-der-woche\/#primaryimage"},"thumbnailUrl":"https:\/\/blog.pressloft.com\/wp-content\/uploads\/2013\/10\/838069_l.jpg?w=650","datePublished":"2013-10-09T15:32:43+00:00","dateModified":"2017-01-30T04:12:23+00:00","breadcrumb":{"@id":"https:\/\/blog.pressloft.com\/de\/2013\/10\/trend-der-woche\/#breadcrumb"},"inLanguage":"de","potentialAction":[{"@type":"ReadAction","target":["https:\/\/blog.pressloft.com\/de\/2013\/10\/trend-der-woche\/"]}]},{"@type":"ImageObject","inLanguage":"de","@id":"https:\/\/blog.pressloft.com\/de\/2013\/10\/trend-der-woche\/#primaryimage","url":"https:\/\/blog.pressloft.com\/wp-content\/uploads\/2013\/10\/838069_l.jpg?w=650","contentUrl":"https:\/\/blog.pressloft.com\/wp-content\/uploads\/2013\/10\/838069_l.jpg?w=650"},{"@type":"BreadcrumbList","@id":"https:\/\/blog.pressloft.com\/de\/2013\/10\/trend-der-woche\/#breadcrumb","itemListElement":[{"@type":"ListItem","position":1,"name":"Home","item":"https:\/\/blog.pressloft.com\/"},{"@type":"ListItem","position":2,"name":"Trend der Woche"}]},{"@type":"WebSite","@id":"https:\/\/blog.pressloft.com\/#website","url":"https:\/\/blog.pressloft.com\/","name":"Press Loft blog","description":"PR Made Simple","publisher":{"@id":"https:\/\/blog.pressloft.com\/#organization"},"potentialAction":[{"@type":"SearchAction","target":{"@type":"EntryPoint","urlTemplate":"https:\/\/blog.pressloft.com\/?s={search_term_string}"},"query-input":{"@type":"PropertyValueSpecification","valueRequired":true,"valueName":"search_term_string"}}],"inLanguage":"de"},{"@type":"Organization","@id":"https:\/\/blog.pressloft.com\/#organization","name":"Press Loft blog","url":"https:\/\/blog.pressloft.com\/","logo":{"@type":"ImageObject","inLanguage":"de","@id":"https:\/\/blog.pressloft.com\/#\/schema\/logo\/image\/","url":"https:\/\/i0.wp.com\/blog.pressloft.com\/wp-content\/uploads\/2023\/09\/blog-logo.png?fit=272%2C90&ssl=1","contentUrl":"https:\/\/i0.wp.com\/blog.pressloft.com\/wp-content\/uploads\/2023\/09\/blog-logo.png?fit=272%2C90&ssl=1","width":272,"height":90,"caption":"Press Loft blog"},"image":{"@id":"https:\/\/blog.pressloft.com\/#\/schema\/logo\/image\/"},"sameAs":["https:\/\/www.facebook.com\/PressLoft\/?locale=en_GB","https:\/\/www.instagram.com\/pressloft\/?hl=en-gb","https:\/\/uk.linkedin.com\/company\/pressloft"]},{"@type":"Person","@id":"https:\/\/blog.pressloft.com\/#\/schema\/person\/bb010c98319ad4ee10c12d4bbb62117d","name":"admin","url":"https:\/\/blog.pressloft.com\/de\/author\/admin\/"}]}},"jetpack_publicize_connections":[],"jetpack_featured_media_url":"","jetpack_sharing_enabled":true,"jetpack_shortlink":"https:\/\/wp.me\/pbvzo7-6E","_links":{"self":[{"href":"https:\/\/blog.pressloft.com\/de\/wp-json\/wp\/v2\/posts\/412\/"}],"collection":[{"href":"https:\/\/blog.pressloft.com\/de\/wp-json\/wp\/v2\/posts\/"}],"about":[{"href":"https:\/\/blog.pressloft.com\/de\/wp-json\/wp\/v2\/types\/post\/"}],"author":[{"embeddable":true,"href":"https:\/\/blog.pressloft.com\/de\/wp-json\/wp\/v2\/users\/1\/"}],"replies":[{"embeddable":true,"href":"https:\/\/blog.pressloft.com\/de\/wp-json\/wp\/v2\/comments\/?post=412"}],"version-history":[{"count":1,"href":"https:\/\/blog.pressloft.com\/de\/wp-json\/wp\/v2\/posts\/412\/revisions\/"}],"predecessor-version":[{"id":9351,"href":"https:\/\/blog.pressloft.com\/de\/wp-json\/wp\/v2\/posts\/412\/revisions\/9351\/"}],"wp:attachment":[{"href":"https:\/\/blog.pressloft.com\/de\/wp-json\/wp\/v2\/media\/?parent=412"}],"wp:term":[{"taxonomy":"category","embeddable":true,"href":"https:\/\/blog.pressloft.com\/de\/wp-json\/wp\/v2\/categories\/?post=412"},{"taxonomy":"post_tag","embeddable":true,"href":"https:\/\/blog.pressloft.com\/de\/wp-json\/wp\/v2\/tags\/?post=412"}],"curies":[{"name":"wp","href":"https:\/\/api.w.org\/{rel}","templated":true}]}}