{"id":4808,"date":"2014-09-02T11:26:31","date_gmt":"2014-09-02T11:26:31","guid":{"rendered":"http:\/\/pressloft.wordpress.com\/?p=4808"},"modified":"2017-01-30T04:15:28","modified_gmt":"2017-01-30T04:15:28","slug":"tipps-fur-einen-gemutlichen-winter","status":"publish","type":"post","link":"https:\/\/blog.pressloft.com\/de\/2014\/09\/tipps-fur-einen-gemutlichen-winter\/","title":{"rendered":"Tipps f\u00fcr einen gem\u00fctlichen Winter!"},"content":{"rendered":"<p><a href=\"http:\/\/www.pressloft.com\/product.php?pid=980299\"><img data-recalc-dims=\"1\" loading=\"lazy\" decoding=\"async\" class=\"aligncenter wp-image-4861 size-large\" src=\"https:\/\/i0.wp.com\/blog.pressloft.com\/wp-content\/uploads\/2014\/09\/2014-09-02_1101.png?resize=594%2C335&#038;ssl=1\" alt=\"2014-09-02_1101\" width=\"594\" height=\"335\" srcset=\"https:\/\/i0.wp.com\/blog.pressloft.com\/wp-content\/uploads\/2014\/09\/2014-09-02_1101.png?w=1078&amp;ssl=1 1078w, https:\/\/i0.wp.com\/blog.pressloft.com\/wp-content\/uploads\/2014\/09\/2014-09-02_1101.png?resize=300%2C169&amp;ssl=1 300w, https:\/\/i0.wp.com\/blog.pressloft.com\/wp-content\/uploads\/2014\/09\/2014-09-02_1101.png?resize=768%2C434&amp;ssl=1 768w, https:\/\/i0.wp.com\/blog.pressloft.com\/wp-content\/uploads\/2014\/09\/2014-09-02_1101.png?resize=1024%2C578&amp;ssl=1 1024w\" sizes=\"auto, (max-width: 594px) 100vw, 594px\" \/><\/a><\/p>\n<p>W\u00e4hrend der Winterzeit verbringt man besonders viel Zeit im eigenen Heim. Die Tage werden k\u00fcrzer und die N\u00e4chte l\u00e4nger, es wird k\u00e4lter und das Sofa vor dem Fernseher gem\u00fctlicher. Besonders in dieser Jahreszeit ist es daher wichtig, es Zuhause so richtig sch\u00f6n und gem\u00fctlich zu machen.<br \/>\nHier finden Sie Inspirationen, wie Sie Ihr Heim so richtig Winterfit machen k\u00f6nnen:<\/p>\n<p><!--more--><\/p>\n<h1><span style=\"color: #999999;\"><strong>1) Warme Farben<\/strong><\/span><\/h1>\n<p>Wenn es im Freien\u00a0grau und kalt ist, vermitteln\u00a0warme Farben, wie orange, braun und gelb in verschiedenen Nuancen W\u00e4rme und Gem\u00fctlichkeit im eigenen Heim. Es ist erwiesen, dass sich warme\u00a0Farben positiv auf das Gem\u00fct auswirken und Energie spenden.<\/p>\n<figure id=\"attachment_4875\" aria-describedby=\"caption-attachment-4875\" style=\"width: 594px\" class=\"wp-caption aligncenter\"><a href=\"http:\/\/www.pressloft.com\/product.php?pid=993182\"><img data-recalc-dims=\"1\" loading=\"lazy\" decoding=\"async\" class=\"wp-image-4875 size-large\" src=\"https:\/\/i0.wp.com\/blog.pressloft.com\/wp-content\/uploads\/2014\/09\/2014-09-02_1207.png?resize=594%2C393&#038;ssl=1\" alt=\"2014-09-02_1207\" width=\"594\" height=\"393\" srcset=\"https:\/\/i0.wp.com\/blog.pressloft.com\/wp-content\/uploads\/2014\/09\/2014-09-02_1207.png?w=1464&amp;ssl=1 1464w, https:\/\/i0.wp.com\/blog.pressloft.com\/wp-content\/uploads\/2014\/09\/2014-09-02_1207.png?resize=300%2C199&amp;ssl=1 300w, https:\/\/i0.wp.com\/blog.pressloft.com\/wp-content\/uploads\/2014\/09\/2014-09-02_1207.png?resize=768%2C509&amp;ssl=1 768w, https:\/\/i0.wp.com\/blog.pressloft.com\/wp-content\/uploads\/2014\/09\/2014-09-02_1207.png?resize=1024%2C678&amp;ssl=1 1024w, https:\/\/i0.wp.com\/blog.pressloft.com\/wp-content\/uploads\/2014\/09\/2014-09-02_1207.png?w=1280&amp;ssl=1 1280w\" sizes=\"auto, (max-width: 594px) 100vw, 594px\" \/><\/a><figcaption id=\"caption-attachment-4875\" class=\"wp-caption-text\">Couchkissen von Amirior<\/figcaption><\/figure>\n<figure id=\"attachment_4876\" aria-describedby=\"caption-attachment-4876\" style=\"width: 594px\" class=\"wp-caption aligncenter\"><a href=\"http:\/\/www.pressloft.com\/product.php?pid=703533\"><img data-recalc-dims=\"1\" loading=\"lazy\" decoding=\"async\" class=\"wp-image-4876 size-large\" src=\"https:\/\/i0.wp.com\/blog.pressloft.com\/wp-content\/uploads\/2014\/09\/2014-09-02_1207_001.png?resize=594%2C333&#038;ssl=1\" alt=\"2014-09-02_1207_001\" width=\"594\" height=\"333\" srcset=\"https:\/\/i0.wp.com\/blog.pressloft.com\/wp-content\/uploads\/2014\/09\/2014-09-02_1207_001.png?w=1728&amp;ssl=1 1728w, https:\/\/i0.wp.com\/blog.pressloft.com\/wp-content\/uploads\/2014\/09\/2014-09-02_1207_001.png?resize=300%2C168&amp;ssl=1 300w, https:\/\/i0.wp.com\/blog.pressloft.com\/wp-content\/uploads\/2014\/09\/2014-09-02_1207_001.png?resize=768%2C431&amp;ssl=1 768w, https:\/\/i0.wp.com\/blog.pressloft.com\/wp-content\/uploads\/2014\/09\/2014-09-02_1207_001.png?resize=1024%2C575&amp;ssl=1 1024w, https:\/\/i0.wp.com\/blog.pressloft.com\/wp-content\/uploads\/2014\/09\/2014-09-02_1207_001.png?w=1280&amp;ssl=1 1280w\" sizes=\"auto, (max-width: 594px) 100vw, 594px\" \/><\/a><figcaption id=\"caption-attachment-4876\" class=\"wp-caption-text\">Sofa &#8222;The Duke&#8220; von Sophisticated Living<\/figcaption><\/figure>\n<figure id=\"attachment_4877\" aria-describedby=\"caption-attachment-4877\" style=\"width: 594px\" class=\"wp-caption aligncenter\"><a href=\"http:\/\/www.pressloft.com\/product.php?pid=905078\"><img data-recalc-dims=\"1\" loading=\"lazy\" decoding=\"async\" class=\"wp-image-4877 size-large\" src=\"https:\/\/i0.wp.com\/blog.pressloft.com\/wp-content\/uploads\/2014\/09\/2014-09-02_1208_001.png?resize=594%2C534&#038;ssl=1\" alt=\"2014-09-02_1208_001\" width=\"594\" height=\"534\" srcset=\"https:\/\/i0.wp.com\/blog.pressloft.com\/wp-content\/uploads\/2014\/09\/2014-09-02_1208_001.png?w=1082&amp;ssl=1 1082w, https:\/\/i0.wp.com\/blog.pressloft.com\/wp-content\/uploads\/2014\/09\/2014-09-02_1208_001.png?resize=300%2C270&amp;ssl=1 300w, https:\/\/i0.wp.com\/blog.pressloft.com\/wp-content\/uploads\/2014\/09\/2014-09-02_1208_001.png?resize=768%2C691&amp;ssl=1 768w, https:\/\/i0.wp.com\/blog.pressloft.com\/wp-content\/uploads\/2014\/09\/2014-09-02_1208_001.png?resize=1024%2C922&amp;ssl=1 1024w\" sizes=\"auto, (max-width: 594px) 100vw, 594px\" \/><\/a><figcaption id=\"caption-attachment-4877\" class=\"wp-caption-text\">Gl\u00f6\u00f6ckler Chilldren&#8217;s Paradise von Marburger Tapetenfabrik<\/figcaption><\/figure>\n<h1><span style=\"color: #999999;\"><strong>2) Kuschelige Wohnaccessoires<\/strong><\/span><\/h1>\n<p>Es soll Zuhause nat\u00fcrlich nicht nur warm aussehen, sondern auch warm sein. Was gibt es sch\u00f6neres als sich nach einem langen Tag in die kuschelige Decke zu wickeln und so richtig zu entspannen? Wir haben nicht nur gem\u00fctliche, sondern auch trendige Accessoires f\u00fcr euch gesammelt:<\/p>\n<figure id=\"attachment_4844\" aria-describedby=\"caption-attachment-4844\" style=\"width: 594px\" class=\"wp-caption aligncenter\"><a href=\"http:\/\/www.pressloft.com\/product.php?pid=980917\"><img data-recalc-dims=\"1\" loading=\"lazy\" decoding=\"async\" class=\"wp-image-4844 size-large\" src=\"https:\/\/i0.wp.com\/blog.pressloft.com\/wp-content\/uploads\/2014\/08\/2014-08-29_1547.png?resize=594%2C803&#038;ssl=1\" alt=\"2014-08-29_1547\" width=\"594\" height=\"803\" srcset=\"https:\/\/i0.wp.com\/blog.pressloft.com\/wp-content\/uploads\/2014\/08\/2014-08-29_1547.png?w=719&amp;ssl=1 719w, https:\/\/i0.wp.com\/blog.pressloft.com\/wp-content\/uploads\/2014\/08\/2014-08-29_1547.png?resize=222%2C300&amp;ssl=1 222w\" sizes=\"auto, (max-width: 594px) 100vw, 594px\" \/><\/a><figcaption id=\"caption-attachment-4844\" class=\"wp-caption-text\">Decke Twist von Eagle Products<\/figcaption><\/figure>\n<figure id=\"attachment_4845\" aria-describedby=\"caption-attachment-4845\" style=\"width: 594px\" class=\"wp-caption aligncenter\"><a href=\"http:\/\/www.pressloft.com\/product.php?pid=904955\"><img data-recalc-dims=\"1\" loading=\"lazy\" decoding=\"async\" class=\"wp-image-4845 size-large\" src=\"https:\/\/i0.wp.com\/blog.pressloft.com\/wp-content\/uploads\/2014\/08\/2014-08-29_1548.png?resize=594%2C444&#038;ssl=1\" alt=\"2014-08-29_1548\" width=\"594\" height=\"444\" srcset=\"https:\/\/i0.wp.com\/blog.pressloft.com\/wp-content\/uploads\/2014\/08\/2014-08-29_1548.png?w=1301&amp;ssl=1 1301w, https:\/\/i0.wp.com\/blog.pressloft.com\/wp-content\/uploads\/2014\/08\/2014-08-29_1548.png?resize=300%2C225&amp;ssl=1 300w, https:\/\/i0.wp.com\/blog.pressloft.com\/wp-content\/uploads\/2014\/08\/2014-08-29_1548.png?resize=768%2C575&amp;ssl=1 768w, https:\/\/i0.wp.com\/blog.pressloft.com\/wp-content\/uploads\/2014\/08\/2014-08-29_1548.png?resize=1024%2C767&amp;ssl=1 1024w\" sizes=\"auto, (max-width: 594px) 100vw, 594px\" \/><\/a><figcaption id=\"caption-attachment-4845\" class=\"wp-caption-text\">Bearskin von MYK<\/figcaption><\/figure>\n<figure id=\"attachment_4848\" aria-describedby=\"caption-attachment-4848\" style=\"width: 594px\" class=\"wp-caption aligncenter\"><a href=\"http:\/\/www.pressloft.com\/product.php?pid=639953\"><img data-recalc-dims=\"1\" loading=\"lazy\" decoding=\"async\" class=\"wp-image-4848 size-large\" src=\"https:\/\/i0.wp.com\/blog.pressloft.com\/wp-content\/uploads\/2014\/08\/2014-08-29_1550.png?resize=594%2C550&#038;ssl=1\" alt=\"2014-08-29_1550\" width=\"594\" height=\"550\" srcset=\"https:\/\/i0.wp.com\/blog.pressloft.com\/wp-content\/uploads\/2014\/08\/2014-08-29_1550.png?w=1054&amp;ssl=1 1054w, https:\/\/i0.wp.com\/blog.pressloft.com\/wp-content\/uploads\/2014\/08\/2014-08-29_1550.png?resize=300%2C278&amp;ssl=1 300w, https:\/\/i0.wp.com\/blog.pressloft.com\/wp-content\/uploads\/2014\/08\/2014-08-29_1550.png?resize=768%2C711&amp;ssl=1 768w, https:\/\/i0.wp.com\/blog.pressloft.com\/wp-content\/uploads\/2014\/08\/2014-08-29_1550.png?resize=1024%2C948&amp;ssl=1 1024w\" sizes=\"auto, (max-width: 594px) 100vw, 594px\" \/><\/a><figcaption id=\"caption-attachment-4848\" class=\"wp-caption-text\">Merowings Fl\u00fcgelkissen Classic Flokati<\/figcaption><\/figure>\n<figure id=\"attachment_4849\" aria-describedby=\"caption-attachment-4849\" style=\"width: 594px\" class=\"wp-caption aligncenter\"><a href=\"http:\/\/www.pressloft.com\/product.php?pid=995519\"><img data-recalc-dims=\"1\" loading=\"lazy\" decoding=\"async\" class=\"wp-image-4849 size-large\" src=\"https:\/\/i0.wp.com\/blog.pressloft.com\/wp-content\/uploads\/2014\/08\/2014-08-29_1550_001.png?resize=594%2C395&#038;ssl=1\" alt=\"2014-08-29_1550_001\" width=\"594\" height=\"395\" srcset=\"https:\/\/i0.wp.com\/blog.pressloft.com\/wp-content\/uploads\/2014\/08\/2014-08-29_1550_001.png?w=1455&amp;ssl=1 1455w, https:\/\/i0.wp.com\/blog.pressloft.com\/wp-content\/uploads\/2014\/08\/2014-08-29_1550_001.png?resize=300%2C200&amp;ssl=1 300w, https:\/\/i0.wp.com\/blog.pressloft.com\/wp-content\/uploads\/2014\/08\/2014-08-29_1550_001.png?resize=768%2C511&amp;ssl=1 768w, https:\/\/i0.wp.com\/blog.pressloft.com\/wp-content\/uploads\/2014\/08\/2014-08-29_1550_001.png?resize=1024%2C682&amp;ssl=1 1024w, https:\/\/i0.wp.com\/blog.pressloft.com\/wp-content\/uploads\/2014\/08\/2014-08-29_1550_001.png?w=1280&amp;ssl=1 1280w\" sizes=\"auto, (max-width: 594px) 100vw, 594px\" \/><\/a><figcaption id=\"caption-attachment-4849\" class=\"wp-caption-text\">AMAZONAS Globo Royal Chair terracotta<\/figcaption><\/figure>\n<figure id=\"attachment_4852\" aria-describedby=\"caption-attachment-4852\" style=\"width: 594px\" class=\"wp-caption aligncenter\"><a href=\"http:\/\/www.pressloft.com\/product.php?pid=712021\"><img data-recalc-dims=\"1\" loading=\"lazy\" decoding=\"async\" class=\"wp-image-4852 size-large\" src=\"https:\/\/i0.wp.com\/blog.pressloft.com\/wp-content\/uploads\/2014\/09\/2014-09-02_1051.png?resize=594%2C484&#038;ssl=1\" alt=\"2014-09-02_1051\" width=\"594\" height=\"484\" srcset=\"https:\/\/i0.wp.com\/blog.pressloft.com\/wp-content\/uploads\/2014\/09\/2014-09-02_1051.png?w=1163&amp;ssl=1 1163w, https:\/\/i0.wp.com\/blog.pressloft.com\/wp-content\/uploads\/2014\/09\/2014-09-02_1051.png?resize=300%2C245&amp;ssl=1 300w, https:\/\/i0.wp.com\/blog.pressloft.com\/wp-content\/uploads\/2014\/09\/2014-09-02_1051.png?resize=768%2C626&amp;ssl=1 768w, https:\/\/i0.wp.com\/blog.pressloft.com\/wp-content\/uploads\/2014\/09\/2014-09-02_1051.png?resize=1024%2C835&amp;ssl=1 1024w\" sizes=\"auto, (max-width: 594px) 100vw, 594px\" \/><\/a><figcaption id=\"caption-attachment-4852\" class=\"wp-caption-text\">Mexx Kinderteppich\u00a0\u00fcber www.traumteppich.com<\/figcaption><\/figure>\n<h1><span style=\"color: #999999;\"><strong>3) Kerzen und Lichter<\/strong><\/span><\/h1>\n<p>Nat\u00fcrliches Licht ist besonders angenehm f\u00fcr das Auge und verleiht dem eigenen Zuhause eine romantische und gem\u00fctliche Stimmung. Ein paar Kerzen, einen spannenden Roman oder ein romantisches Dinner und die K\u00e4lte im Freien ist schnell vergessen.<\/p>\n<figure id=\"attachment_4853\" aria-describedby=\"caption-attachment-4853\" style=\"width: 594px\" class=\"wp-caption aligncenter\"><a href=\"http:\/\/www.pressloft.com\/product.php?pid=837513\"><img data-recalc-dims=\"1\" loading=\"lazy\" decoding=\"async\" class=\"wp-image-4853 size-large\" src=\"https:\/\/i0.wp.com\/blog.pressloft.com\/wp-content\/uploads\/2014\/09\/2014-09-02_1104.png?resize=594%2C565&#038;ssl=1\" alt=\"2014-09-02_1104\" width=\"594\" height=\"565\" srcset=\"https:\/\/i0.wp.com\/blog.pressloft.com\/wp-content\/uploads\/2014\/09\/2014-09-02_1104.png?w=920&amp;ssl=1 920w, https:\/\/i0.wp.com\/blog.pressloft.com\/wp-content\/uploads\/2014\/09\/2014-09-02_1104.png?resize=300%2C286&amp;ssl=1 300w, https:\/\/i0.wp.com\/blog.pressloft.com\/wp-content\/uploads\/2014\/09\/2014-09-02_1104.png?resize=768%2C731&amp;ssl=1 768w\" sizes=\"auto, (max-width: 594px) 100vw, 594px\" \/><\/a><figcaption id=\"caption-attachment-4853\" class=\"wp-caption-text\">a-la-froebel Kerzenst\u00e4nder von OPPOSUM Design<\/figcaption><\/figure>\n<figure id=\"attachment_4854\" aria-describedby=\"caption-attachment-4854\" style=\"width: 550px\" class=\"wp-caption aligncenter\"><a href=\"http:\/\/www.pressloft.com\/product.php?pid=969812\"><img data-recalc-dims=\"1\" loading=\"lazy\" decoding=\"async\" class=\"wp-image-4854 size-full\" src=\"https:\/\/i0.wp.com\/blog.pressloft.com\/wp-content\/uploads\/2014\/09\/2014-09-02_1104_001.png?resize=550%2C855&#038;ssl=1\" alt=\"2014-09-02_1104_001\" width=\"550\" height=\"855\" srcset=\"https:\/\/i0.wp.com\/blog.pressloft.com\/wp-content\/uploads\/2014\/09\/2014-09-02_1104_001.png?w=550&amp;ssl=1 550w, https:\/\/i0.wp.com\/blog.pressloft.com\/wp-content\/uploads\/2014\/09\/2014-09-02_1104_001.png?resize=193%2C300&amp;ssl=1 193w\" sizes=\"auto, (max-width: 550px) 100vw, 550px\" \/><\/a><figcaption id=\"caption-attachment-4854\" class=\"wp-caption-text\">LuxLight-5 Lampe von OPPOSUM design<\/figcaption><\/figure>\n<figure id=\"attachment_4855\" aria-describedby=\"caption-attachment-4855\" style=\"width: 594px\" class=\"wp-caption aligncenter\"><a href=\"http:\/\/www.pressloft.com\/product.php?pid=862147\"><img data-recalc-dims=\"1\" loading=\"lazy\" decoding=\"async\" class=\"wp-image-4855 size-large\" src=\"https:\/\/i0.wp.com\/blog.pressloft.com\/wp-content\/uploads\/2014\/09\/2014-09-02_1105.png?resize=594%2C763&#038;ssl=1\" alt=\"2014-09-02_1105\" width=\"594\" height=\"763\" srcset=\"https:\/\/i0.wp.com\/blog.pressloft.com\/wp-content\/uploads\/2014\/09\/2014-09-02_1105.png?w=640&amp;ssl=1 640w, https:\/\/i0.wp.com\/blog.pressloft.com\/wp-content\/uploads\/2014\/09\/2014-09-02_1105.png?resize=233%2C300&amp;ssl=1 233w\" sizes=\"auto, (max-width: 594px) 100vw, 594px\" \/><\/a><figcaption id=\"caption-attachment-4855\" class=\"wp-caption-text\">Urbania Interior \u00fcber\u00a0www.stilbegeistert.com<\/figcaption><\/figure>\n<figure id=\"attachment_4856\" aria-describedby=\"caption-attachment-4856\" style=\"width: 594px\" class=\"wp-caption aligncenter\"><a href=\"http:\/\/www.pressloft.com\/product.php?pid=820715\"><img data-recalc-dims=\"1\" loading=\"lazy\" decoding=\"async\" class=\"wp-image-4856 size-large\" src=\"https:\/\/i0.wp.com\/blog.pressloft.com\/wp-content\/uploads\/2014\/09\/2014-09-02_1106.png?resize=594%2C645&#038;ssl=1\" alt=\"2014-09-02_1106\" width=\"594\" height=\"645\" srcset=\"https:\/\/i0.wp.com\/blog.pressloft.com\/wp-content\/uploads\/2014\/09\/2014-09-02_1106.png?w=779&amp;ssl=1 779w, https:\/\/i0.wp.com\/blog.pressloft.com\/wp-content\/uploads\/2014\/09\/2014-09-02_1106.png?resize=276%2C300&amp;ssl=1 276w, https:\/\/i0.wp.com\/blog.pressloft.com\/wp-content\/uploads\/2014\/09\/2014-09-02_1106.png?resize=768%2C835&amp;ssl=1 768w\" sizes=\"auto, (max-width: 594px) 100vw, 594px\" \/><\/a><figcaption id=\"caption-attachment-4856\" class=\"wp-caption-text\">Festlicher Kerzenleuchter \u00fcber www.geschenkidee.de<\/figcaption><\/figure>\n<figure id=\"attachment_4857\" aria-describedby=\"caption-attachment-4857\" style=\"width: 594px\" class=\"wp-caption aligncenter\"><a href=\"http:\/\/www.pressloft.com\/product.php?pid=1011412\"><img data-recalc-dims=\"1\" loading=\"lazy\" decoding=\"async\" class=\"wp-image-4857 size-large\" src=\"https:\/\/i0.wp.com\/blog.pressloft.com\/wp-content\/uploads\/2014\/09\/2014-09-02_1059.png?resize=594%2C399&#038;ssl=1\" alt=\"2014-09-02_1059\" width=\"594\" height=\"399\" srcset=\"https:\/\/i0.wp.com\/blog.pressloft.com\/wp-content\/uploads\/2014\/09\/2014-09-02_1059.png?w=1235&amp;ssl=1 1235w, https:\/\/i0.wp.com\/blog.pressloft.com\/wp-content\/uploads\/2014\/09\/2014-09-02_1059.png?resize=300%2C202&amp;ssl=1 300w, https:\/\/i0.wp.com\/blog.pressloft.com\/wp-content\/uploads\/2014\/09\/2014-09-02_1059.png?resize=768%2C517&amp;ssl=1 768w, https:\/\/i0.wp.com\/blog.pressloft.com\/wp-content\/uploads\/2014\/09\/2014-09-02_1059.png?resize=1024%2C689&amp;ssl=1 1024w\" sizes=\"auto, (max-width: 594px) 100vw, 594px\" \/><\/a><figcaption id=\"caption-attachment-4857\" class=\"wp-caption-text\">Glaswindlichter Sterne von Suppan &amp; Suppan<\/figcaption><\/figure>\n<h1><span style=\"color: #999999;\">4)\u00a0It\u00b4s Teatime<\/span><\/h1>\n<p>Tee w\u00e4rmt von innen. Je mehr davon, desto besser! Am besten man r\u00fcstet sich f\u00fcr den Winter daher mit einer XXL-Teetasse oder einer ganzen Kanne voll Tee aus, sodass man so lange wie m\u00f6glich unter der Decke bleiben kann.<\/p>\n<p>&nbsp;<\/p>\n<figure id=\"attachment_4870\" aria-describedby=\"caption-attachment-4870\" style=\"width: 594px\" class=\"wp-caption aligncenter\"><a href=\"http:\/\/www.pressloft.com\/product.php?pid=1009430\"><img data-recalc-dims=\"1\" loading=\"lazy\" decoding=\"async\" class=\"wp-image-4870 size-large\" src=\"https:\/\/i0.wp.com\/blog.pressloft.com\/wp-content\/uploads\/2014\/09\/2014-09-02_1153.png?resize=594%2C432&#038;ssl=1\" alt=\"2014-09-02_1153\" width=\"594\" height=\"432\" srcset=\"https:\/\/i0.wp.com\/blog.pressloft.com\/wp-content\/uploads\/2014\/09\/2014-09-02_1153.png?w=1205&amp;ssl=1 1205w, https:\/\/i0.wp.com\/blog.pressloft.com\/wp-content\/uploads\/2014\/09\/2014-09-02_1153.png?resize=300%2C219&amp;ssl=1 300w, https:\/\/i0.wp.com\/blog.pressloft.com\/wp-content\/uploads\/2014\/09\/2014-09-02_1153.png?resize=768%2C560&amp;ssl=1 768w, https:\/\/i0.wp.com\/blog.pressloft.com\/wp-content\/uploads\/2014\/09\/2014-09-02_1153.png?resize=1024%2C746&amp;ssl=1 1024w\" sizes=\"auto, (max-width: 594px) 100vw, 594px\" \/><\/a><figcaption id=\"caption-attachment-4870\" class=\"wp-caption-text\">Hot Santa Tee Ei \u00fcber www.donkey-products.com<\/figcaption><\/figure>\n<figure id=\"attachment_4871\" aria-describedby=\"caption-attachment-4871\" style=\"width: 594px\" class=\"wp-caption aligncenter\"><a href=\"http:\/\/www.pressloft.com\/product.php?pid=911103\"><img data-recalc-dims=\"1\" loading=\"lazy\" decoding=\"async\" class=\"wp-image-4871 size-large\" src=\"https:\/\/i0.wp.com\/blog.pressloft.com\/wp-content\/uploads\/2014\/09\/2014-09-02_1153_001.png?resize=594%2C623&#038;ssl=1\" alt=\"2014-09-02_1153_001\" width=\"594\" height=\"623\" srcset=\"https:\/\/i0.wp.com\/blog.pressloft.com\/wp-content\/uploads\/2014\/09\/2014-09-02_1153_001.png?w=838&amp;ssl=1 838w, https:\/\/i0.wp.com\/blog.pressloft.com\/wp-content\/uploads\/2014\/09\/2014-09-02_1153_001.png?resize=286%2C300&amp;ssl=1 286w, https:\/\/i0.wp.com\/blog.pressloft.com\/wp-content\/uploads\/2014\/09\/2014-09-02_1153_001.png?resize=768%2C806&amp;ssl=1 768w\" sizes=\"auto, (max-width: 594px) 100vw, 594px\" \/><\/a><figcaption id=\"caption-attachment-4871\" class=\"wp-caption-text\">Tea for One von Villeroy &amp; Boch<\/figcaption><\/figure>\n<figure id=\"attachment_4873\" aria-describedby=\"caption-attachment-4873\" style=\"width: 594px\" class=\"wp-caption aligncenter\"><a href=\"http:\/\/www.pressloft.com\/product.php?pid=957529\"><img data-recalc-dims=\"1\" loading=\"lazy\" decoding=\"async\" class=\"wp-image-4873 size-large\" src=\"https:\/\/i0.wp.com\/blog.pressloft.com\/wp-content\/uploads\/2014\/09\/2014-09-02_1154_001.png?resize=594%2C415&#038;ssl=1\" alt=\"2014-09-02_1154_001\" width=\"594\" height=\"415\" srcset=\"https:\/\/i0.wp.com\/blog.pressloft.com\/wp-content\/uploads\/2014\/09\/2014-09-02_1154_001.png?w=1382&amp;ssl=1 1382w, https:\/\/i0.wp.com\/blog.pressloft.com\/wp-content\/uploads\/2014\/09\/2014-09-02_1154_001.png?resize=300%2C210&amp;ssl=1 300w, https:\/\/i0.wp.com\/blog.pressloft.com\/wp-content\/uploads\/2014\/09\/2014-09-02_1154_001.png?resize=768%2C537&amp;ssl=1 768w, https:\/\/i0.wp.com\/blog.pressloft.com\/wp-content\/uploads\/2014\/09\/2014-09-02_1154_001.png?resize=1024%2C717&amp;ssl=1 1024w, https:\/\/i0.wp.com\/blog.pressloft.com\/wp-content\/uploads\/2014\/09\/2014-09-02_1154_001.png?w=1280&amp;ssl=1 1280w\" sizes=\"auto, (max-width: 594px) 100vw, 594px\" \/><\/a><figcaption id=\"caption-attachment-4873\" class=\"wp-caption-text\">contento PUNTINI Tassenset von Stiefelmayer Contento (www.contento-shop.de)<\/figcaption><\/figure>\n<figure id=\"attachment_4865\" aria-describedby=\"caption-attachment-4865\" style=\"width: 594px\" class=\"wp-caption aligncenter\"><a href=\"http:\/\/www.pressloft.com\/product.php?pid=871400\"><img data-recalc-dims=\"1\" loading=\"lazy\" decoding=\"async\" class=\"wp-image-4865 size-large\" src=\"https:\/\/i0.wp.com\/blog.pressloft.com\/wp-content\/uploads\/2014\/09\/2014-09-02_1140.png?resize=594%2C590&#038;ssl=1\" alt=\"2014-09-02_1140\" width=\"594\" height=\"590\" srcset=\"https:\/\/i0.wp.com\/blog.pressloft.com\/wp-content\/uploads\/2014\/09\/2014-09-02_1140.png?w=968&amp;ssl=1 968w, https:\/\/i0.wp.com\/blog.pressloft.com\/wp-content\/uploads\/2014\/09\/2014-09-02_1140.png?resize=150%2C150&amp;ssl=1 150w, https:\/\/i0.wp.com\/blog.pressloft.com\/wp-content\/uploads\/2014\/09\/2014-09-02_1140.png?resize=300%2C298&amp;ssl=1 300w, https:\/\/i0.wp.com\/blog.pressloft.com\/wp-content\/uploads\/2014\/09\/2014-09-02_1140.png?resize=768%2C764&amp;ssl=1 768w, https:\/\/i0.wp.com\/blog.pressloft.com\/wp-content\/uploads\/2014\/09\/2014-09-02_1140.png?resize=100%2C100&amp;ssl=1 100w\" sizes=\"auto, (max-width: 594px) 100vw, 594px\" \/><\/a><figcaption id=\"caption-attachment-4865\" class=\"wp-caption-text\">Columbia Teebereiter \u00fcber www.tilbegeistert.com<\/figcaption><\/figure>\n<p>&nbsp;<\/p>\n<p>Weitere Wohnaccessoires &amp; Geschenkartikel f\u00fcr den Winter finden Sie auf <a href=\"http:\/\/www.pressloft.com\/browser.php?searchFor=winter#24\">Press Loft<\/a>.<\/p>\n","protected":false},"excerpt":{"rendered":"<p>W\u00e4hrend der Winterzeit verbringt man besonders viel Zeit im eigenen Heim. Die Tage werden k\u00fcrzer und die N\u00e4chte l\u00e4nger, es wird k\u00e4lter und das Sofa vor dem Fernseher gem\u00fctlicher. Besonders in dieser Jahreszeit ist es daher wichtig, es Zuhause so richtig sch\u00f6n und gem\u00fctlich zu machen. Hier finden Sie Inspirationen, wie Sie Ihr Heim so [&hellip;]<\/p>\n","protected":false},"author":1,"featured_media":4855,"comment_status":"open","ping_status":"open","sticky":false,"template":"","format":"standard","meta":{"_jetpack_memberships_contains_paid_content":false,"footnotes":"","jetpack_publicize_message":"","jetpack_publicize_feature_enabled":true,"jetpack_social_post_already_shared":false,"jetpack_social_options":{"image_generator_settings":{"template":"highway","default_image_id":0,"font":"","enabled":false},"version":2}},"categories":[1348,1347,1345],"tags":[],"class_list":["post-4808","post","type-post","status-publish","format-standard","has-post-thumbnail","hentry","category-alle","category-neuigkeiten-trends","category-pr-marketing-tipps"],"yoast_head":"<!-- This site is optimized with the Yoast SEO plugin v23.4 - https:\/\/yoast.com\/wordpress\/plugins\/seo\/ -->\n<title>Tipps f\u00fcr einen gem\u00fctlichen Winter! - Press Loft blog<\/title>\n<meta name=\"robots\" content=\"index, follow, max-snippet:-1, max-image-preview:large, max-video-preview:-1\" \/>\n<link rel=\"canonical\" href=\"https:\/\/blog.pressloft.com\/de\/2014\/09\/tipps-fur-einen-gemutlichen-winter\/\" \/>\n<meta property=\"og:locale\" content=\"de_DE\" \/>\n<meta property=\"og:type\" content=\"article\" \/>\n<meta property=\"og:title\" content=\"Tipps f\u00fcr einen gem\u00fctlichen Winter! - Press Loft blog\" \/>\n<meta property=\"og:description\" content=\"W\u00e4hrend der Winterzeit verbringt man besonders viel Zeit im eigenen Heim. Die Tage werden k\u00fcrzer und die N\u00e4chte l\u00e4nger, es wird k\u00e4lter und das Sofa vor dem Fernseher gem\u00fctlicher. Besonders in dieser Jahreszeit ist es daher wichtig, es Zuhause so richtig sch\u00f6n und gem\u00fctlich zu machen. Hier finden Sie Inspirationen, wie Sie Ihr Heim so [&hellip;]\" \/>\n<meta property=\"og:url\" content=\"https:\/\/blog.pressloft.com\/de\/2014\/09\/tipps-fur-einen-gemutlichen-winter\/\" \/>\n<meta property=\"og:site_name\" content=\"Press Loft blog\" \/>\n<meta property=\"article:publisher\" content=\"https:\/\/www.facebook.com\/PressLoft\/?locale=en_GB\" \/>\n<meta property=\"article:published_time\" content=\"2014-09-02T11:26:31+00:00\" \/>\n<meta property=\"article:modified_time\" content=\"2017-01-30T04:15:28+00:00\" \/>\n<meta property=\"og:image\" content=\"https:\/\/i0.wp.com\/blog.pressloft.com\/wp-content\/uploads\/2014\/09\/2014-09-02_1105.png?fit=640%2C823&ssl=1\" \/>\n\t<meta property=\"og:image:width\" content=\"640\" \/>\n\t<meta property=\"og:image:height\" content=\"823\" \/>\n\t<meta property=\"og:image:type\" content=\"image\/png\" \/>\n<meta name=\"author\" content=\"admin\" \/>\n<meta name=\"twitter:card\" content=\"summary_large_image\" \/>\n<meta name=\"twitter:label1\" content=\"Verfasst von\" \/>\n\t<meta name=\"twitter:data1\" content=\"admin\" \/>\n\t<meta name=\"twitter:label2\" content=\"Gesch\u00e4tzte Lesezeit\" \/>\n\t<meta name=\"twitter:data2\" content=\"2\u00a0Minuten\" \/>\n<script type=\"application\/ld+json\" class=\"yoast-schema-graph\">{\"@context\":\"https:\/\/schema.org\",\"@graph\":[{\"@type\":\"Article\",\"@id\":\"https:\/\/blog.pressloft.com\/de\/2014\/09\/tipps-fur-einen-gemutlichen-winter\/#article\",\"isPartOf\":{\"@id\":\"https:\/\/blog.pressloft.com\/de\/2014\/09\/tipps-fur-einen-gemutlichen-winter\/\"},\"author\":{\"name\":\"admin\",\"@id\":\"https:\/\/blog.pressloft.com\/#\/schema\/person\/bb010c98319ad4ee10c12d4bbb62117d\"},\"headline\":\"Tipps f\u00fcr einen gem\u00fctlichen Winter!\",\"datePublished\":\"2014-09-02T11:26:31+00:00\",\"dateModified\":\"2017-01-30T04:15:28+00:00\",\"mainEntityOfPage\":{\"@id\":\"https:\/\/blog.pressloft.com\/de\/2014\/09\/tipps-fur-einen-gemutlichen-winter\/\"},\"wordCount\":493,\"commentCount\":0,\"publisher\":{\"@id\":\"https:\/\/blog.pressloft.com\/#organization\"},\"image\":{\"@id\":\"https:\/\/blog.pressloft.com\/de\/2014\/09\/tipps-fur-einen-gemutlichen-winter\/#primaryimage\"},\"thumbnailUrl\":\"https:\/\/i0.wp.com\/blog.pressloft.com\/wp-content\/uploads\/2014\/09\/2014-09-02_1105.png?fit=640%2C823&ssl=1\",\"articleSection\":[\"Alle Beitr\u00e4ge\",\"Neuigkeiten &amp; Trends\",\"PR &amp; Marketing-Tipps\"],\"inLanguage\":\"de\",\"potentialAction\":[{\"@type\":\"CommentAction\",\"name\":\"Comment\",\"target\":[\"https:\/\/blog.pressloft.com\/de\/2014\/09\/tipps-fur-einen-gemutlichen-winter\/#respond\"]}]},{\"@type\":\"WebPage\",\"@id\":\"https:\/\/blog.pressloft.com\/de\/2014\/09\/tipps-fur-einen-gemutlichen-winter\/\",\"url\":\"https:\/\/blog.pressloft.com\/de\/2014\/09\/tipps-fur-einen-gemutlichen-winter\/\",\"name\":\"Tipps f\u00fcr einen gem\u00fctlichen Winter! - Press Loft blog\",\"isPartOf\":{\"@id\":\"https:\/\/blog.pressloft.com\/#website\"},\"primaryImageOfPage\":{\"@id\":\"https:\/\/blog.pressloft.com\/de\/2014\/09\/tipps-fur-einen-gemutlichen-winter\/#primaryimage\"},\"image\":{\"@id\":\"https:\/\/blog.pressloft.com\/de\/2014\/09\/tipps-fur-einen-gemutlichen-winter\/#primaryimage\"},\"thumbnailUrl\":\"https:\/\/i0.wp.com\/blog.pressloft.com\/wp-content\/uploads\/2014\/09\/2014-09-02_1105.png?fit=640%2C823&ssl=1\",\"datePublished\":\"2014-09-02T11:26:31+00:00\",\"dateModified\":\"2017-01-30T04:15:28+00:00\",\"breadcrumb\":{\"@id\":\"https:\/\/blog.pressloft.com\/de\/2014\/09\/tipps-fur-einen-gemutlichen-winter\/#breadcrumb\"},\"inLanguage\":\"de\",\"potentialAction\":[{\"@type\":\"ReadAction\",\"target\":[\"https:\/\/blog.pressloft.com\/de\/2014\/09\/tipps-fur-einen-gemutlichen-winter\/\"]}]},{\"@type\":\"ImageObject\",\"inLanguage\":\"de\",\"@id\":\"https:\/\/blog.pressloft.com\/de\/2014\/09\/tipps-fur-einen-gemutlichen-winter\/#primaryimage\",\"url\":\"https:\/\/i0.wp.com\/blog.pressloft.com\/wp-content\/uploads\/2014\/09\/2014-09-02_1105.png?fit=640%2C823&ssl=1\",\"contentUrl\":\"https:\/\/i0.wp.com\/blog.pressloft.com\/wp-content\/uploads\/2014\/09\/2014-09-02_1105.png?fit=640%2C823&ssl=1\",\"width\":640,\"height\":823,\"caption\":\"Teelichthalter von Stilbegeister.com\"},{\"@type\":\"BreadcrumbList\",\"@id\":\"https:\/\/blog.pressloft.com\/de\/2014\/09\/tipps-fur-einen-gemutlichen-winter\/#breadcrumb\",\"itemListElement\":[{\"@type\":\"ListItem\",\"position\":1,\"name\":\"Home\",\"item\":\"https:\/\/blog.pressloft.com\/\"},{\"@type\":\"ListItem\",\"position\":2,\"name\":\"Tipps f\u00fcr einen gem\u00fctlichen Winter!\"}]},{\"@type\":\"WebSite\",\"@id\":\"https:\/\/blog.pressloft.com\/#website\",\"url\":\"https:\/\/blog.pressloft.com\/\",\"name\":\"Press Loft blog\",\"description\":\"PR Made Simple\",\"publisher\":{\"@id\":\"https:\/\/blog.pressloft.com\/#organization\"},\"potentialAction\":[{\"@type\":\"SearchAction\",\"target\":{\"@type\":\"EntryPoint\",\"urlTemplate\":\"https:\/\/blog.pressloft.com\/?s={search_term_string}\"},\"query-input\":{\"@type\":\"PropertyValueSpecification\",\"valueRequired\":true,\"valueName\":\"search_term_string\"}}],\"inLanguage\":\"de\"},{\"@type\":\"Organization\",\"@id\":\"https:\/\/blog.pressloft.com\/#organization\",\"name\":\"Press Loft blog\",\"url\":\"https:\/\/blog.pressloft.com\/\",\"logo\":{\"@type\":\"ImageObject\",\"inLanguage\":\"de\",\"@id\":\"https:\/\/blog.pressloft.com\/#\/schema\/logo\/image\/\",\"url\":\"https:\/\/i0.wp.com\/blog.pressloft.com\/wp-content\/uploads\/2023\/09\/blog-logo.png?fit=272%2C90&ssl=1\",\"contentUrl\":\"https:\/\/i0.wp.com\/blog.pressloft.com\/wp-content\/uploads\/2023\/09\/blog-logo.png?fit=272%2C90&ssl=1\",\"width\":272,\"height\":90,\"caption\":\"Press Loft blog\"},\"image\":{\"@id\":\"https:\/\/blog.pressloft.com\/#\/schema\/logo\/image\/\"},\"sameAs\":[\"https:\/\/www.facebook.com\/PressLoft\/?locale=en_GB\",\"https:\/\/www.instagram.com\/pressloft\/?hl=en-gb\",\"https:\/\/uk.linkedin.com\/company\/pressloft\"]},{\"@type\":\"Person\",\"@id\":\"https:\/\/blog.pressloft.com\/#\/schema\/person\/bb010c98319ad4ee10c12d4bbb62117d\",\"name\":\"admin\",\"url\":\"https:\/\/blog.pressloft.com\/de\/author\/admin\/\"}]}<\/script>\n<!-- \/ Yoast SEO plugin. -->","yoast_head_json":{"title":"Tipps f\u00fcr einen gem\u00fctlichen Winter! - Press Loft blog","robots":{"index":"index","follow":"follow","max-snippet":"max-snippet:-1","max-image-preview":"max-image-preview:large","max-video-preview":"max-video-preview:-1"},"canonical":"https:\/\/blog.pressloft.com\/de\/2014\/09\/tipps-fur-einen-gemutlichen-winter\/","og_locale":"de_DE","og_type":"article","og_title":"Tipps f\u00fcr einen gem\u00fctlichen Winter! - Press Loft blog","og_description":"W\u00e4hrend der Winterzeit verbringt man besonders viel Zeit im eigenen Heim. Die Tage werden k\u00fcrzer und die N\u00e4chte l\u00e4nger, es wird k\u00e4lter und das Sofa vor dem Fernseher gem\u00fctlicher. Besonders in dieser Jahreszeit ist es daher wichtig, es Zuhause so richtig sch\u00f6n und gem\u00fctlich zu machen. Hier finden Sie Inspirationen, wie Sie Ihr Heim so [&hellip;]","og_url":"https:\/\/blog.pressloft.com\/de\/2014\/09\/tipps-fur-einen-gemutlichen-winter\/","og_site_name":"Press Loft blog","article_publisher":"https:\/\/www.facebook.com\/PressLoft\/?locale=en_GB","article_published_time":"2014-09-02T11:26:31+00:00","article_modified_time":"2017-01-30T04:15:28+00:00","og_image":[{"width":640,"height":823,"url":"https:\/\/i0.wp.com\/blog.pressloft.com\/wp-content\/uploads\/2014\/09\/2014-09-02_1105.png?fit=640%2C823&ssl=1","type":"image\/png"}],"author":"admin","twitter_card":"summary_large_image","twitter_misc":{"Verfasst von":"admin","Gesch\u00e4tzte Lesezeit":"2\u00a0Minuten"},"schema":{"@context":"https:\/\/schema.org","@graph":[{"@type":"Article","@id":"https:\/\/blog.pressloft.com\/de\/2014\/09\/tipps-fur-einen-gemutlichen-winter\/#article","isPartOf":{"@id":"https:\/\/blog.pressloft.com\/de\/2014\/09\/tipps-fur-einen-gemutlichen-winter\/"},"author":{"name":"admin","@id":"https:\/\/blog.pressloft.com\/#\/schema\/person\/bb010c98319ad4ee10c12d4bbb62117d"},"headline":"Tipps f\u00fcr einen gem\u00fctlichen Winter!","datePublished":"2014-09-02T11:26:31+00:00","dateModified":"2017-01-30T04:15:28+00:00","mainEntityOfPage":{"@id":"https:\/\/blog.pressloft.com\/de\/2014\/09\/tipps-fur-einen-gemutlichen-winter\/"},"wordCount":493,"commentCount":0,"publisher":{"@id":"https:\/\/blog.pressloft.com\/#organization"},"image":{"@id":"https:\/\/blog.pressloft.com\/de\/2014\/09\/tipps-fur-einen-gemutlichen-winter\/#primaryimage"},"thumbnailUrl":"https:\/\/i0.wp.com\/blog.pressloft.com\/wp-content\/uploads\/2014\/09\/2014-09-02_1105.png?fit=640%2C823&ssl=1","articleSection":["Alle Beitr\u00e4ge","Neuigkeiten &amp; Trends","PR &amp; Marketing-Tipps"],"inLanguage":"de","potentialAction":[{"@type":"CommentAction","name":"Comment","target":["https:\/\/blog.pressloft.com\/de\/2014\/09\/tipps-fur-einen-gemutlichen-winter\/#respond"]}]},{"@type":"WebPage","@id":"https:\/\/blog.pressloft.com\/de\/2014\/09\/tipps-fur-einen-gemutlichen-winter\/","url":"https:\/\/blog.pressloft.com\/de\/2014\/09\/tipps-fur-einen-gemutlichen-winter\/","name":"Tipps f\u00fcr einen gem\u00fctlichen Winter! - Press Loft blog","isPartOf":{"@id":"https:\/\/blog.pressloft.com\/#website"},"primaryImageOfPage":{"@id":"https:\/\/blog.pressloft.com\/de\/2014\/09\/tipps-fur-einen-gemutlichen-winter\/#primaryimage"},"image":{"@id":"https:\/\/blog.pressloft.com\/de\/2014\/09\/tipps-fur-einen-gemutlichen-winter\/#primaryimage"},"thumbnailUrl":"https:\/\/i0.wp.com\/blog.pressloft.com\/wp-content\/uploads\/2014\/09\/2014-09-02_1105.png?fit=640%2C823&ssl=1","datePublished":"2014-09-02T11:26:31+00:00","dateModified":"2017-01-30T04:15:28+00:00","breadcrumb":{"@id":"https:\/\/blog.pressloft.com\/de\/2014\/09\/tipps-fur-einen-gemutlichen-winter\/#breadcrumb"},"inLanguage":"de","potentialAction":[{"@type":"ReadAction","target":["https:\/\/blog.pressloft.com\/de\/2014\/09\/tipps-fur-einen-gemutlichen-winter\/"]}]},{"@type":"ImageObject","inLanguage":"de","@id":"https:\/\/blog.pressloft.com\/de\/2014\/09\/tipps-fur-einen-gemutlichen-winter\/#primaryimage","url":"https:\/\/i0.wp.com\/blog.pressloft.com\/wp-content\/uploads\/2014\/09\/2014-09-02_1105.png?fit=640%2C823&ssl=1","contentUrl":"https:\/\/i0.wp.com\/blog.pressloft.com\/wp-content\/uploads\/2014\/09\/2014-09-02_1105.png?fit=640%2C823&ssl=1","width":640,"height":823,"caption":"Teelichthalter von Stilbegeister.com"},{"@type":"BreadcrumbList","@id":"https:\/\/blog.pressloft.com\/de\/2014\/09\/tipps-fur-einen-gemutlichen-winter\/#breadcrumb","itemListElement":[{"@type":"ListItem","position":1,"name":"Home","item":"https:\/\/blog.pressloft.com\/"},{"@type":"ListItem","position":2,"name":"Tipps f\u00fcr einen gem\u00fctlichen Winter!"}]},{"@type":"WebSite","@id":"https:\/\/blog.pressloft.com\/#website","url":"https:\/\/blog.pressloft.com\/","name":"Press Loft blog","description":"PR Made Simple","publisher":{"@id":"https:\/\/blog.pressloft.com\/#organization"},"potentialAction":[{"@type":"SearchAction","target":{"@type":"EntryPoint","urlTemplate":"https:\/\/blog.pressloft.com\/?s={search_term_string}"},"query-input":{"@type":"PropertyValueSpecification","valueRequired":true,"valueName":"search_term_string"}}],"inLanguage":"de"},{"@type":"Organization","@id":"https:\/\/blog.pressloft.com\/#organization","name":"Press Loft blog","url":"https:\/\/blog.pressloft.com\/","logo":{"@type":"ImageObject","inLanguage":"de","@id":"https:\/\/blog.pressloft.com\/#\/schema\/logo\/image\/","url":"https:\/\/i0.wp.com\/blog.pressloft.com\/wp-content\/uploads\/2023\/09\/blog-logo.png?fit=272%2C90&ssl=1","contentUrl":"https:\/\/i0.wp.com\/blog.pressloft.com\/wp-content\/uploads\/2023\/09\/blog-logo.png?fit=272%2C90&ssl=1","width":272,"height":90,"caption":"Press Loft blog"},"image":{"@id":"https:\/\/blog.pressloft.com\/#\/schema\/logo\/image\/"},"sameAs":["https:\/\/www.facebook.com\/PressLoft\/?locale=en_GB","https:\/\/www.instagram.com\/pressloft\/?hl=en-gb","https:\/\/uk.linkedin.com\/company\/pressloft"]},{"@type":"Person","@id":"https:\/\/blog.pressloft.com\/#\/schema\/person\/bb010c98319ad4ee10c12d4bbb62117d","name":"admin","url":"https:\/\/blog.pressloft.com\/de\/author\/admin\/"}]}},"jetpack_publicize_connections":[],"jetpack_featured_media_url":"https:\/\/i0.wp.com\/blog.pressloft.com\/wp-content\/uploads\/2014\/09\/2014-09-02_1105.png?fit=640%2C823&ssl=1","jetpack_sharing_enabled":true,"jetpack_shortlink":"https:\/\/wp.me\/pbvzo7-1fy","_links":{"self":[{"href":"https:\/\/blog.pressloft.com\/de\/wp-json\/wp\/v2\/posts\/4808\/"}],"collection":[{"href":"https:\/\/blog.pressloft.com\/de\/wp-json\/wp\/v2\/posts\/"}],"about":[{"href":"https:\/\/blog.pressloft.com\/de\/wp-json\/wp\/v2\/types\/post\/"}],"author":[{"embeddable":true,"href":"https:\/\/blog.pressloft.com\/de\/wp-json\/wp\/v2\/users\/1\/"}],"replies":[{"embeddable":true,"href":"https:\/\/blog.pressloft.com\/de\/wp-json\/wp\/v2\/comments\/?post=4808"}],"version-history":[{"count":1,"href":"https:\/\/blog.pressloft.com\/de\/wp-json\/wp\/v2\/posts\/4808\/revisions\/"}],"predecessor-version":[{"id":9357,"href":"https:\/\/blog.pressloft.com\/de\/wp-json\/wp\/v2\/posts\/4808\/revisions\/9357\/"}],"wp:featuredmedia":[{"embeddable":true,"href":"https:\/\/blog.pressloft.com\/de\/wp-json\/wp\/v2\/media\/4855\/"}],"wp:attachment":[{"href":"https:\/\/blog.pressloft.com\/de\/wp-json\/wp\/v2\/media\/?parent=4808"}],"wp:term":[{"taxonomy":"category","embeddable":true,"href":"https:\/\/blog.pressloft.com\/de\/wp-json\/wp\/v2\/categories\/?post=4808"},{"taxonomy":"post_tag","embeddable":true,"href":"https:\/\/blog.pressloft.com\/de\/wp-json\/wp\/v2\/tags\/?post=4808"}],"curies":[{"name":"wp","href":"https:\/\/api.w.org\/{rel}","templated":true}]}}