{"id":5354,"date":"2014-11-21T10:45:02","date_gmt":"2014-11-21T10:45:02","guid":{"rendered":"http:\/\/pressloft.wordpress.com\/?p=5354"},"modified":"2017-01-30T04:19:50","modified_gmt":"2017-01-30T04:19:50","slug":"wohnen-in-schwarz-und-weis","status":"publish","type":"post","link":"https:\/\/blog.pressloft.com\/de\/2014\/11\/wohnen-in-schwarz-und-weis\/","title":{"rendered":"Wohnen in Schwarz und Wei\u00df"},"content":{"rendered":"<p style=\"text-align: left;\">Die Trendfarben im Bereich Mode und Wohnen \u00e4ndern sich mit jedem Jahr und jeder Jahreszeit. Nur zwei Farben geraten niemals aus der Mode: Schwarz und Wei\u00df. Jede Farbe f\u00fcr sich \u00a0kann etwas eint\u00f6nig wirken, aber in Kombination miteinander sind die Farben einfach unschlagbar.\u00a0Das praktische an diesen Farben ist, dass Sie sich beliebig mit (fast) jeder Trendfarbe kombinieren lassen und f\u00fcr sich selbst immer klassisch und edel aussehen.<\/p>\n<p style=\"text-align: left;\">Daher unser Tipp: Die Wohnung in schwarz und wei\u00df ausstatten und je nach der aktuellen Trendfarbe mit kleinen Deko-Gegenst\u00e4nden auffrischen. Das bringt Abwechslung ins Leben.<\/p>\n<p style=\"text-align: left;\">Hier haben wir einige Inspirationen in Schwarz und Wei\u00df f\u00fcr Sie \u00a0gesammelt:<\/p>\n<p style=\"text-align: left;\">Polsterm\u00f6bel und Kissen von <strong>H.O.C.K.<\/strong><\/p>\n<p><a href=\"http:\/\/www.pressloft.com\/product.php?pid=1032929&amp;cid=\"><img data-recalc-dims=\"1\" loading=\"lazy\" decoding=\"async\" class=\"aligncenter\" src=\"https:\/\/i0.wp.com\/www.pressloft.com\/images\/bank\/16533\/l\/1032929_l.jpg?resize=640%2C426\" alt=\"\" width=\"640\" height=\"426\" \/><\/a><!--more--><\/p>\n<p>Wall Panel Beautiful Words von\u00a0<strong><a href=\"http:\/\/www.pressloft.com\/browser.php?ccid=10456\">anna wand\u00ae<\/a><\/strong><\/p>\n<p><a href=\"http:\/\/www.pressloft.com\/product.php?pid=661039&amp;cid=\"><img data-recalc-dims=\"1\" loading=\"lazy\" decoding=\"async\" class=\"aligncenter\" src=\"https:\/\/i0.wp.com\/www.pressloft.com\/images\/bank\/10456\/l\/661039_l.jpg?resize=640%2C905\" alt=\"\" width=\"640\" height=\"905\" \/><\/a><\/p>\n<p>Vorhang Birke-Black von <strong>emotion textiles<\/strong><\/p>\n<p><a href=\"http:\/\/www.pressloft.com\/product.php?pid=1037428&amp;cid=\"><img data-recalc-dims=\"1\" loading=\"lazy\" decoding=\"async\" class=\"aligncenter\" src=\"https:\/\/i0.wp.com\/www.pressloft.com\/images\/bank\/16980\/l\/1037428_l.jpg?resize=640%2C800\" alt=\"\" width=\"640\" height=\"800\" \/><\/a><\/p>\n<p>St\u00fchle in schwarz-wei\u00df von <strong>Kusch + Co<\/strong><\/p>\n<p style=\"text-align: center;\"><a href=\"http:\/\/www.pressloft.com\/product.php?pid=605927&amp;cid=\"><img data-recalc-dims=\"1\" loading=\"lazy\" decoding=\"async\" class=\"aligncenter\" src=\"https:\/\/i0.wp.com\/www.pressloft.com\/images\/bank\/9571\/l\/605927_l.jpg?resize=640%2C491\" alt=\"\" width=\"640\" height=\"491\" \/><\/a><\/p>\n<p style=\"text-align: left;\">Zick-Zack Kissen von <strong>emotion textiles<\/strong><\/p>\n<p style=\"text-align: left;\"><a href=\"http:\/\/www.pressloft.com\/product.php?pid=1037392\"><img data-recalc-dims=\"1\" loading=\"lazy\" decoding=\"async\" class=\"aligncenter\" src=\"https:\/\/i0.wp.com\/www.pressloft.com\/images\/bank\/16980\/l\/1037392_l.jpg?resize=640%2C391\" alt=\"\" width=\"640\" height=\"391\" \/><\/a>AMS Kuckusuhr von <strong>wanduhr.de<\/strong><\/p>\n<p style=\"text-align: left;\"><a href=\"http:\/\/www.pressloft.com\/product.php?pid=1001728&amp;cid=\"><img data-recalc-dims=\"1\" loading=\"lazy\" decoding=\"async\" class=\"aligncenter\" src=\"https:\/\/i0.wp.com\/www.pressloft.com\/images\/bank\/14039\/l\/1001728_l.jpg?resize=640%2C902\" alt=\"\" width=\"640\" height=\"902\" \/><\/a>Quadratischer Kronleuchter von <strong>fmb Leuchten<\/strong><\/p>\n<p><a href=\"http:\/\/www.pressloft.com\/product.php?pid=940797&amp;cid=\"><img data-recalc-dims=\"1\" loading=\"lazy\" decoding=\"async\" class=\"aligncenter\" src=\"https:\/\/i0.wp.com\/www.pressloft.com\/images\/bank\/11697\/l\/940797_l.jpg?resize=640%2C936\" alt=\"\" width=\"640\" height=\"936\" \/><\/a><\/p>\n<p>&nbsp;<\/p>\n<p>Weitere Inspirationen zum Trend Schwarz und Wei\u00df finden Sie auf <a href=\"http:\/\/www.pressloft.com\/browser.php?searchFor=schwarz+wei%C3%9F#24\">Press Loft<\/a><\/p>\n","protected":false},"excerpt":{"rendered":"<p>Die Trendfarben im Bereich Mode und Wohnen \u00e4ndern sich mit jedem Jahr und jeder Jahreszeit. Nur zwei Farben geraten niemals aus der Mode: Schwarz und Wei\u00df. Jede Farbe f\u00fcr sich \u00a0kann etwas eint\u00f6nig wirken, aber in Kombination miteinander sind die Farben einfach unschlagbar.\u00a0Das praktische an diesen Farben ist, dass Sie sich beliebig mit (fast) jeder [&hellip;]<\/p>\n","protected":false},"author":1,"featured_media":5378,"comment_status":"open","ping_status":"open","sticky":false,"template":"","format":"standard","meta":{"_jetpack_memberships_contains_paid_content":false,"footnotes":"","jetpack_publicize_message":"","jetpack_publicize_feature_enabled":true,"jetpack_social_post_already_shared":false,"jetpack_social_options":{"image_generator_settings":{"template":"highway","default_image_id":0,"font":"","enabled":false},"version":2}},"categories":[1348,6,1345,1347,1342],"tags":[127,295,296,334,347,449,493,496,641,891,902,946,973,1057,1191,1193,1253,1273],"class_list":["post-5354","post","type-post","status-publish","format-standard","has-post-thumbnail","hentry","category-alle","category-german","category-pr-marketing-tipps","category-neuigkeiten-trends","category-unkategorisiert","tag-bilder","tag-deko","tag-dekoration","tag-druckfertig","tag-elegant","tag-gunstig","tag-high-res","tag-hochauflosend","tag-klassisch","tag-plattform","tag-pr","tag-presse","tag-public-relations","tag-schwarz","tag-trend","tag-trends","tag-weis","tag-wohnen"],"yoast_head":"<!-- This site is optimized with the Yoast SEO plugin v23.4 - https:\/\/yoast.com\/wordpress\/plugins\/seo\/ -->\n<title>Wohnen in Schwarz und Wei\u00df - Press Loft blog<\/title>\n<meta name=\"robots\" content=\"index, follow, max-snippet:-1, max-image-preview:large, max-video-preview:-1\" \/>\n<link rel=\"canonical\" href=\"https:\/\/blog.pressloft.com\/de\/2014\/11\/wohnen-in-schwarz-und-weis\/\" \/>\n<meta property=\"og:locale\" content=\"de_DE\" \/>\n<meta property=\"og:type\" content=\"article\" \/>\n<meta property=\"og:title\" content=\"Wohnen in Schwarz und Wei\u00df - Press Loft blog\" \/>\n<meta property=\"og:description\" content=\"Die Trendfarben im Bereich Mode und Wohnen \u00e4ndern sich mit jedem Jahr und jeder Jahreszeit. Nur zwei Farben geraten niemals aus der Mode: Schwarz und Wei\u00df. Jede Farbe f\u00fcr sich \u00a0kann etwas eint\u00f6nig wirken, aber in Kombination miteinander sind die Farben einfach unschlagbar.\u00a0Das praktische an diesen Farben ist, dass Sie sich beliebig mit (fast) jeder [&hellip;]\" \/>\n<meta property=\"og:url\" content=\"https:\/\/blog.pressloft.com\/de\/2014\/11\/wohnen-in-schwarz-und-weis\/\" \/>\n<meta property=\"og:site_name\" content=\"Press Loft blog\" \/>\n<meta property=\"article:publisher\" content=\"https:\/\/www.facebook.com\/PressLoft\/?locale=en_GB\" \/>\n<meta property=\"article:published_time\" content=\"2014-11-21T10:45:02+00:00\" \/>\n<meta property=\"article:modified_time\" content=\"2017-01-30T04:19:50+00:00\" \/>\n<meta property=\"og:image\" content=\"https:\/\/i0.wp.com\/blog.pressloft.com\/wp-content\/uploads\/2014\/11\/885668_l3.jpg?fit=1000%2C700&ssl=1\" \/>\n\t<meta property=\"og:image:width\" content=\"1000\" \/>\n\t<meta property=\"og:image:height\" content=\"700\" \/>\n\t<meta property=\"og:image:type\" content=\"image\/jpeg\" \/>\n<meta name=\"author\" content=\"admin\" \/>\n<meta name=\"twitter:card\" content=\"summary_large_image\" \/>\n<meta name=\"twitter:label1\" content=\"Verfasst von\" \/>\n\t<meta name=\"twitter:data1\" content=\"admin\" \/>\n\t<meta name=\"twitter:label2\" content=\"Gesch\u00e4tzte Lesezeit\" \/>\n\t<meta name=\"twitter:data2\" content=\"1\u00a0Minute\" \/>\n<script type=\"application\/ld+json\" class=\"yoast-schema-graph\">{\"@context\":\"https:\/\/schema.org\",\"@graph\":[{\"@type\":\"Article\",\"@id\":\"https:\/\/blog.pressloft.com\/de\/2014\/11\/wohnen-in-schwarz-und-weis\/#article\",\"isPartOf\":{\"@id\":\"https:\/\/blog.pressloft.com\/de\/2014\/11\/wohnen-in-schwarz-und-weis\/\"},\"author\":{\"name\":\"admin\",\"@id\":\"https:\/\/blog.pressloft.com\/#\/schema\/person\/bb010c98319ad4ee10c12d4bbb62117d\"},\"headline\":\"Wohnen in Schwarz und Wei\u00df\",\"datePublished\":\"2014-11-21T10:45:02+00:00\",\"dateModified\":\"2017-01-30T04:19:50+00:00\",\"mainEntityOfPage\":{\"@id\":\"https:\/\/blog.pressloft.com\/de\/2014\/11\/wohnen-in-schwarz-und-weis\/\"},\"wordCount\":171,\"commentCount\":0,\"publisher\":{\"@id\":\"https:\/\/blog.pressloft.com\/#organization\"},\"image\":{\"@id\":\"https:\/\/blog.pressloft.com\/de\/2014\/11\/wohnen-in-schwarz-und-weis\/#primaryimage\"},\"thumbnailUrl\":\"https:\/\/i0.wp.com\/blog.pressloft.com\/wp-content\/uploads\/2014\/11\/885668_l3.jpg?fit=1000%2C700&ssl=1\",\"keywords\":[\"bilder\",\"deko\",\"Dekoration\",\"druckfertig\",\"elegant\",\"g\u00fcnstig\",\"High res\",\"hochaufl\u00f6send\",\"klassisch\",\"plattform\",\"pr\",\"presse\",\"Public relations\",\"schwarz\",\"trend\",\"trends\",\"wei\u00df\",\"Wohnen\"],\"articleSection\":[\"Alle Beitr\u00e4ge\",\"German\",\"PR &amp; Marketing-Tipps\",\"Neuigkeiten &amp; Trends\",\"Unkategorisiert\"],\"inLanguage\":\"de\",\"potentialAction\":[{\"@type\":\"CommentAction\",\"name\":\"Comment\",\"target\":[\"https:\/\/blog.pressloft.com\/de\/2014\/11\/wohnen-in-schwarz-und-weis\/#respond\"]}]},{\"@type\":\"WebPage\",\"@id\":\"https:\/\/blog.pressloft.com\/de\/2014\/11\/wohnen-in-schwarz-und-weis\/\",\"url\":\"https:\/\/blog.pressloft.com\/de\/2014\/11\/wohnen-in-schwarz-und-weis\/\",\"name\":\"Wohnen in Schwarz und Wei\u00df - Press Loft blog\",\"isPartOf\":{\"@id\":\"https:\/\/blog.pressloft.com\/#website\"},\"primaryImageOfPage\":{\"@id\":\"https:\/\/blog.pressloft.com\/de\/2014\/11\/wohnen-in-schwarz-und-weis\/#primaryimage\"},\"image\":{\"@id\":\"https:\/\/blog.pressloft.com\/de\/2014\/11\/wohnen-in-schwarz-und-weis\/#primaryimage\"},\"thumbnailUrl\":\"https:\/\/i0.wp.com\/blog.pressloft.com\/wp-content\/uploads\/2014\/11\/885668_l3.jpg?fit=1000%2C700&ssl=1\",\"datePublished\":\"2014-11-21T10:45:02+00:00\",\"dateModified\":\"2017-01-30T04:19:50+00:00\",\"breadcrumb\":{\"@id\":\"https:\/\/blog.pressloft.com\/de\/2014\/11\/wohnen-in-schwarz-und-weis\/#breadcrumb\"},\"inLanguage\":\"de\",\"potentialAction\":[{\"@type\":\"ReadAction\",\"target\":[\"https:\/\/blog.pressloft.com\/de\/2014\/11\/wohnen-in-schwarz-und-weis\/\"]}]},{\"@type\":\"ImageObject\",\"inLanguage\":\"de\",\"@id\":\"https:\/\/blog.pressloft.com\/de\/2014\/11\/wohnen-in-schwarz-und-weis\/#primaryimage\",\"url\":\"https:\/\/i0.wp.com\/blog.pressloft.com\/wp-content\/uploads\/2014\/11\/885668_l3.jpg?fit=1000%2C700&ssl=1\",\"contentUrl\":\"https:\/\/i0.wp.com\/blog.pressloft.com\/wp-content\/uploads\/2014\/11\/885668_l3.jpg?fit=1000%2C700&ssl=1\",\"width\":1000,\"height\":700},{\"@type\":\"BreadcrumbList\",\"@id\":\"https:\/\/blog.pressloft.com\/de\/2014\/11\/wohnen-in-schwarz-und-weis\/#breadcrumb\",\"itemListElement\":[{\"@type\":\"ListItem\",\"position\":1,\"name\":\"Home\",\"item\":\"https:\/\/blog.pressloft.com\/\"},{\"@type\":\"ListItem\",\"position\":2,\"name\":\"Wohnen in Schwarz und Wei\u00df\"}]},{\"@type\":\"WebSite\",\"@id\":\"https:\/\/blog.pressloft.com\/#website\",\"url\":\"https:\/\/blog.pressloft.com\/\",\"name\":\"Press Loft blog\",\"description\":\"PR Made Simple\",\"publisher\":{\"@id\":\"https:\/\/blog.pressloft.com\/#organization\"},\"potentialAction\":[{\"@type\":\"SearchAction\",\"target\":{\"@type\":\"EntryPoint\",\"urlTemplate\":\"https:\/\/blog.pressloft.com\/?s={search_term_string}\"},\"query-input\":{\"@type\":\"PropertyValueSpecification\",\"valueRequired\":true,\"valueName\":\"search_term_string\"}}],\"inLanguage\":\"de\"},{\"@type\":\"Organization\",\"@id\":\"https:\/\/blog.pressloft.com\/#organization\",\"name\":\"Press Loft blog\",\"url\":\"https:\/\/blog.pressloft.com\/\",\"logo\":{\"@type\":\"ImageObject\",\"inLanguage\":\"de\",\"@id\":\"https:\/\/blog.pressloft.com\/#\/schema\/logo\/image\/\",\"url\":\"https:\/\/i0.wp.com\/blog.pressloft.com\/wp-content\/uploads\/2023\/09\/blog-logo.png?fit=272%2C90&ssl=1\",\"contentUrl\":\"https:\/\/i0.wp.com\/blog.pressloft.com\/wp-content\/uploads\/2023\/09\/blog-logo.png?fit=272%2C90&ssl=1\",\"width\":272,\"height\":90,\"caption\":\"Press Loft blog\"},\"image\":{\"@id\":\"https:\/\/blog.pressloft.com\/#\/schema\/logo\/image\/\"},\"sameAs\":[\"https:\/\/www.facebook.com\/PressLoft\/?locale=en_GB\",\"https:\/\/www.instagram.com\/pressloft\/?hl=en-gb\",\"https:\/\/uk.linkedin.com\/company\/pressloft\"]},{\"@type\":\"Person\",\"@id\":\"https:\/\/blog.pressloft.com\/#\/schema\/person\/bb010c98319ad4ee10c12d4bbb62117d\",\"name\":\"admin\",\"url\":\"https:\/\/blog.pressloft.com\/de\/author\/admin\/\"}]}<\/script>\n<!-- \/ Yoast SEO plugin. -->","yoast_head_json":{"title":"Wohnen in Schwarz und Wei\u00df - Press Loft blog","robots":{"index":"index","follow":"follow","max-snippet":"max-snippet:-1","max-image-preview":"max-image-preview:large","max-video-preview":"max-video-preview:-1"},"canonical":"https:\/\/blog.pressloft.com\/de\/2014\/11\/wohnen-in-schwarz-und-weis\/","og_locale":"de_DE","og_type":"article","og_title":"Wohnen in Schwarz und Wei\u00df - Press Loft blog","og_description":"Die Trendfarben im Bereich Mode und Wohnen \u00e4ndern sich mit jedem Jahr und jeder Jahreszeit. Nur zwei Farben geraten niemals aus der Mode: Schwarz und Wei\u00df. Jede Farbe f\u00fcr sich \u00a0kann etwas eint\u00f6nig wirken, aber in Kombination miteinander sind die Farben einfach unschlagbar.\u00a0Das praktische an diesen Farben ist, dass Sie sich beliebig mit (fast) jeder [&hellip;]","og_url":"https:\/\/blog.pressloft.com\/de\/2014\/11\/wohnen-in-schwarz-und-weis\/","og_site_name":"Press Loft blog","article_publisher":"https:\/\/www.facebook.com\/PressLoft\/?locale=en_GB","article_published_time":"2014-11-21T10:45:02+00:00","article_modified_time":"2017-01-30T04:19:50+00:00","og_image":[{"width":1000,"height":700,"url":"https:\/\/i0.wp.com\/blog.pressloft.com\/wp-content\/uploads\/2014\/11\/885668_l3.jpg?fit=1000%2C700&ssl=1","type":"image\/jpeg"}],"author":"admin","twitter_card":"summary_large_image","twitter_misc":{"Verfasst von":"admin","Gesch\u00e4tzte Lesezeit":"1\u00a0Minute"},"schema":{"@context":"https:\/\/schema.org","@graph":[{"@type":"Article","@id":"https:\/\/blog.pressloft.com\/de\/2014\/11\/wohnen-in-schwarz-und-weis\/#article","isPartOf":{"@id":"https:\/\/blog.pressloft.com\/de\/2014\/11\/wohnen-in-schwarz-und-weis\/"},"author":{"name":"admin","@id":"https:\/\/blog.pressloft.com\/#\/schema\/person\/bb010c98319ad4ee10c12d4bbb62117d"},"headline":"Wohnen in Schwarz und Wei\u00df","datePublished":"2014-11-21T10:45:02+00:00","dateModified":"2017-01-30T04:19:50+00:00","mainEntityOfPage":{"@id":"https:\/\/blog.pressloft.com\/de\/2014\/11\/wohnen-in-schwarz-und-weis\/"},"wordCount":171,"commentCount":0,"publisher":{"@id":"https:\/\/blog.pressloft.com\/#organization"},"image":{"@id":"https:\/\/blog.pressloft.com\/de\/2014\/11\/wohnen-in-schwarz-und-weis\/#primaryimage"},"thumbnailUrl":"https:\/\/i0.wp.com\/blog.pressloft.com\/wp-content\/uploads\/2014\/11\/885668_l3.jpg?fit=1000%2C700&ssl=1","keywords":["bilder","deko","Dekoration","druckfertig","elegant","g\u00fcnstig","High res","hochaufl\u00f6send","klassisch","plattform","pr","presse","Public relations","schwarz","trend","trends","wei\u00df","Wohnen"],"articleSection":["Alle Beitr\u00e4ge","German","PR &amp; Marketing-Tipps","Neuigkeiten &amp; Trends","Unkategorisiert"],"inLanguage":"de","potentialAction":[{"@type":"CommentAction","name":"Comment","target":["https:\/\/blog.pressloft.com\/de\/2014\/11\/wohnen-in-schwarz-und-weis\/#respond"]}]},{"@type":"WebPage","@id":"https:\/\/blog.pressloft.com\/de\/2014\/11\/wohnen-in-schwarz-und-weis\/","url":"https:\/\/blog.pressloft.com\/de\/2014\/11\/wohnen-in-schwarz-und-weis\/","name":"Wohnen in Schwarz und Wei\u00df - Press Loft blog","isPartOf":{"@id":"https:\/\/blog.pressloft.com\/#website"},"primaryImageOfPage":{"@id":"https:\/\/blog.pressloft.com\/de\/2014\/11\/wohnen-in-schwarz-und-weis\/#primaryimage"},"image":{"@id":"https:\/\/blog.pressloft.com\/de\/2014\/11\/wohnen-in-schwarz-und-weis\/#primaryimage"},"thumbnailUrl":"https:\/\/i0.wp.com\/blog.pressloft.com\/wp-content\/uploads\/2014\/11\/885668_l3.jpg?fit=1000%2C700&ssl=1","datePublished":"2014-11-21T10:45:02+00:00","dateModified":"2017-01-30T04:19:50+00:00","breadcrumb":{"@id":"https:\/\/blog.pressloft.com\/de\/2014\/11\/wohnen-in-schwarz-und-weis\/#breadcrumb"},"inLanguage":"de","potentialAction":[{"@type":"ReadAction","target":["https:\/\/blog.pressloft.com\/de\/2014\/11\/wohnen-in-schwarz-und-weis\/"]}]},{"@type":"ImageObject","inLanguage":"de","@id":"https:\/\/blog.pressloft.com\/de\/2014\/11\/wohnen-in-schwarz-und-weis\/#primaryimage","url":"https:\/\/i0.wp.com\/blog.pressloft.com\/wp-content\/uploads\/2014\/11\/885668_l3.jpg?fit=1000%2C700&ssl=1","contentUrl":"https:\/\/i0.wp.com\/blog.pressloft.com\/wp-content\/uploads\/2014\/11\/885668_l3.jpg?fit=1000%2C700&ssl=1","width":1000,"height":700},{"@type":"BreadcrumbList","@id":"https:\/\/blog.pressloft.com\/de\/2014\/11\/wohnen-in-schwarz-und-weis\/#breadcrumb","itemListElement":[{"@type":"ListItem","position":1,"name":"Home","item":"https:\/\/blog.pressloft.com\/"},{"@type":"ListItem","position":2,"name":"Wohnen in Schwarz und Wei\u00df"}]},{"@type":"WebSite","@id":"https:\/\/blog.pressloft.com\/#website","url":"https:\/\/blog.pressloft.com\/","name":"Press Loft blog","description":"PR Made Simple","publisher":{"@id":"https:\/\/blog.pressloft.com\/#organization"},"potentialAction":[{"@type":"SearchAction","target":{"@type":"EntryPoint","urlTemplate":"https:\/\/blog.pressloft.com\/?s={search_term_string}"},"query-input":{"@type":"PropertyValueSpecification","valueRequired":true,"valueName":"search_term_string"}}],"inLanguage":"de"},{"@type":"Organization","@id":"https:\/\/blog.pressloft.com\/#organization","name":"Press Loft blog","url":"https:\/\/blog.pressloft.com\/","logo":{"@type":"ImageObject","inLanguage":"de","@id":"https:\/\/blog.pressloft.com\/#\/schema\/logo\/image\/","url":"https:\/\/i0.wp.com\/blog.pressloft.com\/wp-content\/uploads\/2023\/09\/blog-logo.png?fit=272%2C90&ssl=1","contentUrl":"https:\/\/i0.wp.com\/blog.pressloft.com\/wp-content\/uploads\/2023\/09\/blog-logo.png?fit=272%2C90&ssl=1","width":272,"height":90,"caption":"Press Loft blog"},"image":{"@id":"https:\/\/blog.pressloft.com\/#\/schema\/logo\/image\/"},"sameAs":["https:\/\/www.facebook.com\/PressLoft\/?locale=en_GB","https:\/\/www.instagram.com\/pressloft\/?hl=en-gb","https:\/\/uk.linkedin.com\/company\/pressloft"]},{"@type":"Person","@id":"https:\/\/blog.pressloft.com\/#\/schema\/person\/bb010c98319ad4ee10c12d4bbb62117d","name":"admin","url":"https:\/\/blog.pressloft.com\/de\/author\/admin\/"}]}},"jetpack_publicize_connections":[],"jetpack_featured_media_url":"https:\/\/i0.wp.com\/blog.pressloft.com\/wp-content\/uploads\/2014\/11\/885668_l3.jpg?fit=1000%2C700&ssl=1","jetpack_sharing_enabled":true,"jetpack_shortlink":"https:\/\/wp.me\/pbvzo7-1om","_links":{"self":[{"href":"https:\/\/blog.pressloft.com\/de\/wp-json\/wp\/v2\/posts\/5354\/"}],"collection":[{"href":"https:\/\/blog.pressloft.com\/de\/wp-json\/wp\/v2\/posts\/"}],"about":[{"href":"https:\/\/blog.pressloft.com\/de\/wp-json\/wp\/v2\/types\/post\/"}],"author":[{"embeddable":true,"href":"https:\/\/blog.pressloft.com\/de\/wp-json\/wp\/v2\/users\/1\/"}],"replies":[{"embeddable":true,"href":"https:\/\/blog.pressloft.com\/de\/wp-json\/wp\/v2\/comments\/?post=5354"}],"version-history":[{"count":1,"href":"https:\/\/blog.pressloft.com\/de\/wp-json\/wp\/v2\/posts\/5354\/revisions\/"}],"predecessor-version":[{"id":9356,"href":"https:\/\/blog.pressloft.com\/de\/wp-json\/wp\/v2\/posts\/5354\/revisions\/9356\/"}],"wp:featuredmedia":[{"embeddable":true,"href":"https:\/\/blog.pressloft.com\/de\/wp-json\/wp\/v2\/media\/5378\/"}],"wp:attachment":[{"href":"https:\/\/blog.pressloft.com\/de\/wp-json\/wp\/v2\/media\/?parent=5354"}],"wp:term":[{"taxonomy":"category","embeddable":true,"href":"https:\/\/blog.pressloft.com\/de\/wp-json\/wp\/v2\/categories\/?post=5354"},{"taxonomy":"post_tag","embeddable":true,"href":"https:\/\/blog.pressloft.com\/de\/wp-json\/wp\/v2\/tags\/?post=5354"}],"curies":[{"name":"wp","href":"https:\/\/api.w.org\/{rel}","templated":true}]}}