{"id":6193,"date":"2015-06-04T13:27:49","date_gmt":"2015-06-04T13:27:49","guid":{"rendered":"https:\/\/pressloft.wordpress.com\/?p=6193"},"modified":"2017-01-30T04:07:49","modified_gmt":"2017-01-30T04:07:49","slug":"lust-auf-meer","status":"publish","type":"post","link":"https:\/\/blog.pressloft.com\/de\/2015\/06\/lust-auf-meer\/","title":{"rendered":"Lust auf Meer!"},"content":{"rendered":"<p>Bild:\u00a0<a href=\"http:\/\/www.pressloft.com\/browser.php?ccid=20323\" target=\"_blank\">Urbanara<\/a><\/p>\n<p>Sie w\u00e4ren so gern am Strand und freuen sich schon auf den n\u00e4chsten Urlaub? Wir zeigen Ihnen, wie Sie Ihrem eigenen Zuhause maritime Stimmung geben. Die Farben der K\u00fcste sind Blau und Wei\u00df, aber was hei\u00dft schon Blau: Die Palette reicht von Marineblau bis T\u00fcrkis. Die Kombination von Blaut\u00f6nen und Wei\u00df erinnert an Meer und Strand und wirkt dadurch beruhigend und entspannend. Nat\u00fcrliche Texturen wie Leinen, Baumwolle und Jute werden ebenfalls mit einem Strandgef\u00fchl assoziiert.<\/p>\n<p>Diese Deko, M\u00f6bel und Wohnaccessoires bringen Meeresfeeling ins Haus.<\/p>\n<figure id=\"attachment_6230\" aria-describedby=\"caption-attachment-6230\" style=\"width: 300px\" class=\"wp-caption aligncenter\"><a href=\"http:\/\/www.pressloft.com\/product.php?pid=1171279\" target=\"_blank\"><img data-recalc-dims=\"1\" loading=\"lazy\" decoding=\"async\" class=\"wp-image-6230 size-medium\" src=\"https:\/\/i0.wp.com\/blog.pressloft.com\/wp-content\/uploads\/2015\/06\/dawanda_1171279_throwpillowcushioncovermoodyocean.jpg?resize=300%2C290&#038;ssl=1\" alt=\"DaWanda Moody Ocean\" width=\"300\" height=\"290\" srcset=\"https:\/\/i0.wp.com\/blog.pressloft.com\/wp-content\/uploads\/2015\/06\/dawanda_1171279_throwpillowcushioncovermoodyocean.jpg?w=1400&amp;ssl=1 1400w, https:\/\/i0.wp.com\/blog.pressloft.com\/wp-content\/uploads\/2015\/06\/dawanda_1171279_throwpillowcushioncovermoodyocean.jpg?resize=300%2C290&amp;ssl=1 300w, https:\/\/i0.wp.com\/blog.pressloft.com\/wp-content\/uploads\/2015\/06\/dawanda_1171279_throwpillowcushioncovermoodyocean.jpg?resize=768%2C743&amp;ssl=1 768w, https:\/\/i0.wp.com\/blog.pressloft.com\/wp-content\/uploads\/2015\/06\/dawanda_1171279_throwpillowcushioncovermoodyocean.jpg?resize=1024%2C991&amp;ssl=1 1024w, https:\/\/i0.wp.com\/blog.pressloft.com\/wp-content\/uploads\/2015\/06\/dawanda_1171279_throwpillowcushioncovermoodyocean.jpg?w=1280&amp;ssl=1 1280w\" sizes=\"auto, (max-width: 300px) 100vw, 300px\" \/><\/a><figcaption id=\"caption-attachment-6230\" class=\"wp-caption-text\"><a href=\"http:\/\/www.pressloft.com\/browser.php?ccid=20470#24\" target=\"_blank\">DaWanda<\/a><\/figcaption><\/figure>\n<p>Kissenh\u00fclle mit dem malerischen Motiv &#8222;Moody Ocean&#8220; von\u00a0<a href=\"http:\/\/de.dawanda.com\/user\/juste-pixx\" target=\"_blank\">Juste Pixx Photographie &amp; Design<\/a> \u00fcber DaWanda.<\/p>\n<figure id=\"attachment_6233\" aria-describedby=\"caption-attachment-6233\" style=\"width: 660px\" class=\"wp-caption aligncenter\"><a href=\"http:\/\/www.pressloft.com\/product.php?pid=1099467\" target=\"_blank\"><img data-recalc-dims=\"1\" loading=\"lazy\" decoding=\"async\" class=\"wp-image-6233 size-large\" src=\"https:\/\/i0.wp.com\/blog.pressloft.com\/wp-content\/uploads\/2015\/06\/kslliving_1099467_ksllivinghoussedecouettelongisla.jpg?resize=640%2C428&#038;ssl=1\" alt=\"KSL LIVING\" width=\"640\" height=\"428\" srcset=\"https:\/\/i0.wp.com\/blog.pressloft.com\/wp-content\/uploads\/2015\/06\/kslliving_1099467_ksllivinghoussedecouettelongisla.jpg?w=1700&amp;ssl=1 1700w, https:\/\/i0.wp.com\/blog.pressloft.com\/wp-content\/uploads\/2015\/06\/kslliving_1099467_ksllivinghoussedecouettelongisla.jpg?resize=300%2C200&amp;ssl=1 300w, https:\/\/i0.wp.com\/blog.pressloft.com\/wp-content\/uploads\/2015\/06\/kslliving_1099467_ksllivinghoussedecouettelongisla.jpg?resize=768%2C513&amp;ssl=1 768w, https:\/\/i0.wp.com\/blog.pressloft.com\/wp-content\/uploads\/2015\/06\/kslliving_1099467_ksllivinghoussedecouettelongisla.jpg?resize=1024%2C684&amp;ssl=1 1024w, https:\/\/i0.wp.com\/blog.pressloft.com\/wp-content\/uploads\/2015\/06\/kslliving_1099467_ksllivinghoussedecouettelongisla.jpg?w=1280&amp;ssl=1 1280w\" sizes=\"auto, (max-width: 640px) 100vw, 640px\" \/><\/a><figcaption id=\"caption-attachment-6233\" class=\"wp-caption-text\"><a href=\"http:\/\/www.pressloft.com\/browser.php?ccid=17700#24\" target=\"_blank\">KSL LIVING<\/a><\/figcaption><\/figure>\n<p>Streifen sorgen auch in diesem Sommer f\u00fcr maritime L\u00e4ssigkeit.<\/p>\n<figure id=\"attachment_6240\" aria-describedby=\"caption-attachment-6240\" style=\"width: 300px\" class=\"wp-caption aligncenter\"><a href=\"http:\/\/www.pressloft.com\/product.php?pid=1182185\" target=\"_blank\"><img data-recalc-dims=\"1\" loading=\"lazy\" decoding=\"async\" class=\"size-medium wp-image-6240\" src=\"https:\/\/i0.wp.com\/blog.pressloft.com\/wp-content\/uploads\/2015\/06\/desiarydefinelivingaccessoires_1182185_6ersetriowe.jpg?resize=300%2C300&#038;ssl=1\" alt=\"desiary.de :: Fine living accessoires\" width=\"300\" height=\"300\" srcset=\"https:\/\/i0.wp.com\/blog.pressloft.com\/wp-content\/uploads\/2015\/06\/desiarydefinelivingaccessoires_1182185_6ersetriowe.jpg?w=1300&amp;ssl=1 1300w, https:\/\/i0.wp.com\/blog.pressloft.com\/wp-content\/uploads\/2015\/06\/desiarydefinelivingaccessoires_1182185_6ersetriowe.jpg?resize=150%2C150&amp;ssl=1 150w, https:\/\/i0.wp.com\/blog.pressloft.com\/wp-content\/uploads\/2015\/06\/desiarydefinelivingaccessoires_1182185_6ersetriowe.jpg?resize=300%2C300&amp;ssl=1 300w, https:\/\/i0.wp.com\/blog.pressloft.com\/wp-content\/uploads\/2015\/06\/desiarydefinelivingaccessoires_1182185_6ersetriowe.jpg?resize=768%2C768&amp;ssl=1 768w, https:\/\/i0.wp.com\/blog.pressloft.com\/wp-content\/uploads\/2015\/06\/desiarydefinelivingaccessoires_1182185_6ersetriowe.jpg?resize=1024%2C1024&amp;ssl=1 1024w, https:\/\/i0.wp.com\/blog.pressloft.com\/wp-content\/uploads\/2015\/06\/desiarydefinelivingaccessoires_1182185_6ersetriowe.jpg?resize=100%2C100&amp;ssl=1 100w\" sizes=\"auto, (max-width: 300px) 100vw, 300px\" \/><\/a><figcaption id=\"caption-attachment-6240\" class=\"wp-caption-text\"><a href=\"http:\/\/www.pressloft.com\/browser.php?ccid=8881#24\" target=\"_blank\">desiary.de :: Fine living accessoires<\/a><\/figcaption><\/figure>\n<p>Zartes Glas f\u00fcr alle Anl\u00e4sse des Lebens, ob Cocktailglas f\u00fcr Parties oder Trinkglas f\u00fcr den Alltag. Die Rio -Serie besticht duch Ihre Zartheit und ist so der Klassiker f\u00fcr alle Gelegenheiten.<\/p>\n<figure id=\"attachment_6245\" aria-describedby=\"caption-attachment-6245\" style=\"width: 660px\" class=\"wp-caption aligncenter\"><a href=\"http:\/\/www.pressloft.com\/product.php?pid=1150421\" target=\"_blank\"><img data-recalc-dims=\"1\" loading=\"lazy\" decoding=\"async\" class=\"wp-image-6245 size-large\" src=\"https:\/\/i0.wp.com\/blog.pressloft.com\/wp-content\/uploads\/2015\/06\/gtegemeinschaftkerzen_1150421_gartendekorationmitk.jpg?resize=640%2C480&#038;ssl=1\" alt=\"G\u00dcTEGEMEINSCHAFT KERZEN\" width=\"640\" height=\"480\" srcset=\"https:\/\/i0.wp.com\/blog.pressloft.com\/wp-content\/uploads\/2015\/06\/gtegemeinschaftkerzen_1150421_gartendekorationmitk.jpg?w=1575&amp;ssl=1 1575w, https:\/\/i0.wp.com\/blog.pressloft.com\/wp-content\/uploads\/2015\/06\/gtegemeinschaftkerzen_1150421_gartendekorationmitk.jpg?resize=300%2C225&amp;ssl=1 300w, https:\/\/i0.wp.com\/blog.pressloft.com\/wp-content\/uploads\/2015\/06\/gtegemeinschaftkerzen_1150421_gartendekorationmitk.jpg?resize=768%2C576&amp;ssl=1 768w, https:\/\/i0.wp.com\/blog.pressloft.com\/wp-content\/uploads\/2015\/06\/gtegemeinschaftkerzen_1150421_gartendekorationmitk.jpg?resize=1024%2C768&amp;ssl=1 1024w, https:\/\/i0.wp.com\/blog.pressloft.com\/wp-content\/uploads\/2015\/06\/gtegemeinschaftkerzen_1150421_gartendekorationmitk.jpg?w=1280&amp;ssl=1 1280w\" sizes=\"auto, (max-width: 640px) 100vw, 640px\" \/><\/a><figcaption id=\"caption-attachment-6245\" class=\"wp-caption-text\"><a href=\"http:\/\/www.pressloft.com\/browser.php?ccid=18102#024\" target=\"_blank\">G\u00dcTEGEMEINSCHAFT KERZEN<\/a><\/figcaption><\/figure>\n<p>Wei\u00dfes Geschirr ist vielseitig und l\u00e4sst sich immer wieder anders dekorieren, wie hier im Bild mit Muscheln und Sand. Die meerblauen Teelichte mit dem RAL-G\u00fctezeichen spenden auch noch nach Sonnenuntergang genug Licht, um den Abend auf Balkon oder Terrasse zu zweit ausklingen zu lassen.<\/p>\n<figure id=\"attachment_6248\" aria-describedby=\"caption-attachment-6248\" style=\"width: 160px\" class=\"wp-caption aligncenter\"><a href=\"http:\/\/www.pressloft.com\/product.php?pid=1137771\" target=\"_blank\"><img data-recalc-dims=\"1\" loading=\"lazy\" decoding=\"async\" class=\"size-medium wp-image-6248\" src=\"https:\/\/i0.wp.com\/blog.pressloft.com\/wp-content\/uploads\/2015\/06\/raumduftshopde_1137771_raumduftshopdeboomblue.jpg?resize=160%2C300&#038;ssl=1\" alt=\"Raumduftshop.de\" width=\"160\" height=\"300\" srcset=\"https:\/\/i0.wp.com\/blog.pressloft.com\/wp-content\/uploads\/2015\/06\/raumduftshopde_1137771_raumduftshopdeboomblue.jpg?w=1455&amp;ssl=1 1455w, https:\/\/i0.wp.com\/blog.pressloft.com\/wp-content\/uploads\/2015\/06\/raumduftshopde_1137771_raumduftshopdeboomblue.jpg?resize=160%2C300&amp;ssl=1 160w, https:\/\/i0.wp.com\/blog.pressloft.com\/wp-content\/uploads\/2015\/06\/raumduftshopde_1137771_raumduftshopdeboomblue.jpg?resize=768%2C1438&amp;ssl=1 768w, https:\/\/i0.wp.com\/blog.pressloft.com\/wp-content\/uploads\/2015\/06\/raumduftshopde_1137771_raumduftshopdeboomblue.jpg?resize=547%2C1024&amp;ssl=1 547w, https:\/\/i0.wp.com\/blog.pressloft.com\/wp-content\/uploads\/2015\/06\/raumduftshopde_1137771_raumduftshopdeboomblue.jpg?w=1280&amp;ssl=1 1280w\" sizes=\"auto, (max-width: 160px) 100vw, 160px\" \/><\/a><figcaption id=\"caption-attachment-6248\" class=\"wp-caption-text\"><a href=\"http:\/\/www.pressloft.com\/browser.php?ccid=19045#24\" target=\"_blank\">Raumduftshop.de<\/a><\/figcaption><\/figure>\n<p>Aus dem Rauschen von Meerwasser wurde dieser Diffuser gegossen. So erkl\u00e4rt sich die leichte Tropfenform, welche die klaren Linien des Designs umgibt.<\/p>\n","protected":false},"excerpt":{"rendered":"<p>Bild:\u00a0Urbanara Sie w\u00e4ren so gern am Strand und freuen sich schon auf den n\u00e4chsten Urlaub? Wir zeigen Ihnen, wie Sie Ihrem eigenen Zuhause maritime Stimmung geben. Die Farben der K\u00fcste sind Blau und Wei\u00df, aber was hei\u00dft schon Blau: Die Palette reicht von Marineblau bis T\u00fcrkis. Die Kombination von Blaut\u00f6nen und Wei\u00df erinnert an Meer [&hellip;]<\/p>\n","protected":false},"author":1,"featured_media":6228,"comment_status":"open","ping_status":"open","sticky":false,"template":"","format":"standard","meta":{"_jetpack_memberships_contains_paid_content":false,"footnotes":"","jetpack_publicize_message":"","jetpack_publicize_feature_enabled":true,"jetpack_social_post_already_shared":false,"jetpack_social_options":{"image_generator_settings":{"template":"highway","default_image_id":0,"font":"","enabled":false},"version":2}},"categories":[6,1347,1342],"tags":[],"class_list":["post-6193","post","type-post","status-publish","format-standard","has-post-thumbnail","hentry","category-german","category-neuigkeiten-trends","category-unkategorisiert"],"yoast_head":"<!-- This site is optimized with the Yoast SEO plugin v23.4 - https:\/\/yoast.com\/wordpress\/plugins\/seo\/ -->\n<title>Lust auf Meer! - Press Loft blog<\/title>\n<meta name=\"robots\" content=\"index, follow, max-snippet:-1, max-image-preview:large, max-video-preview:-1\" \/>\n<link rel=\"canonical\" href=\"https:\/\/blog.pressloft.com\/de\/2015\/06\/lust-auf-meer\/\" \/>\n<meta property=\"og:locale\" content=\"de_DE\" \/>\n<meta property=\"og:type\" content=\"article\" \/>\n<meta property=\"og:title\" content=\"Lust auf Meer! - Press Loft blog\" \/>\n<meta property=\"og:description\" content=\"Bild:\u00a0Urbanara Sie w\u00e4ren so gern am Strand und freuen sich schon auf den n\u00e4chsten Urlaub? Wir zeigen Ihnen, wie Sie Ihrem eigenen Zuhause maritime Stimmung geben. Die Farben der K\u00fcste sind Blau und Wei\u00df, aber was hei\u00dft schon Blau: Die Palette reicht von Marineblau bis T\u00fcrkis. Die Kombination von Blaut\u00f6nen und Wei\u00df erinnert an Meer [&hellip;]\" \/>\n<meta property=\"og:url\" content=\"https:\/\/blog.pressloft.com\/de\/2015\/06\/lust-auf-meer\/\" \/>\n<meta property=\"og:site_name\" content=\"Press Loft blog\" \/>\n<meta property=\"article:publisher\" content=\"https:\/\/www.facebook.com\/PressLoft\/?locale=en_GB\" \/>\n<meta property=\"article:published_time\" content=\"2015-06-04T13:27:49+00:00\" \/>\n<meta property=\"article:modified_time\" content=\"2017-01-30T04:07:49+00:00\" \/>\n<meta property=\"og:image\" content=\"https:\/\/blog.pressloft.com\/wp-content\/uploads\/2015\/06\/urbanara_1157848_urbanarasummer2015bedroomsommer20-1024x693.jpg\" \/>\n\t<meta property=\"og:image:width\" content=\"1024\" \/>\n\t<meta property=\"og:image:height\" content=\"693\" \/>\n\t<meta property=\"og:image:type\" content=\"image\/jpeg\" \/>\n<meta name=\"author\" content=\"admin\" \/>\n<meta name=\"twitter:card\" content=\"summary_large_image\" \/>\n<meta name=\"twitter:label1\" content=\"Verfasst von\" \/>\n\t<meta name=\"twitter:data1\" content=\"admin\" \/>\n\t<meta name=\"twitter:label2\" content=\"Gesch\u00e4tzte Lesezeit\" \/>\n\t<meta name=\"twitter:data2\" content=\"1\u00a0Minute\" \/>\n<script type=\"application\/ld+json\" class=\"yoast-schema-graph\">{\"@context\":\"https:\/\/schema.org\",\"@graph\":[{\"@type\":\"Article\",\"@id\":\"https:\/\/blog.pressloft.com\/de\/2015\/06\/lust-auf-meer\/#article\",\"isPartOf\":{\"@id\":\"https:\/\/blog.pressloft.com\/de\/2015\/06\/lust-auf-meer\/\"},\"author\":{\"name\":\"admin\",\"@id\":\"https:\/\/blog.pressloft.com\/#\/schema\/person\/bb010c98319ad4ee10c12d4bbb62117d\"},\"headline\":\"Lust auf Meer!\",\"datePublished\":\"2015-06-04T13:27:49+00:00\",\"dateModified\":\"2017-01-30T04:07:49+00:00\",\"mainEntityOfPage\":{\"@id\":\"https:\/\/blog.pressloft.com\/de\/2015\/06\/lust-auf-meer\/\"},\"wordCount\":279,\"commentCount\":0,\"publisher\":{\"@id\":\"https:\/\/blog.pressloft.com\/#organization\"},\"image\":{\"@id\":\"https:\/\/blog.pressloft.com\/de\/2015\/06\/lust-auf-meer\/#primaryimage\"},\"thumbnailUrl\":\"https:\/\/i0.wp.com\/blog.pressloft.com\/wp-content\/uploads\/2015\/06\/urbanara_1157848_urbanarasummer2015bedroomsommer20.jpg?fit=2657%2C1797&ssl=1\",\"articleSection\":[\"German\",\"Neuigkeiten &amp; Trends\",\"Unkategorisiert\"],\"inLanguage\":\"de\",\"potentialAction\":[{\"@type\":\"CommentAction\",\"name\":\"Comment\",\"target\":[\"https:\/\/blog.pressloft.com\/de\/2015\/06\/lust-auf-meer\/#respond\"]}]},{\"@type\":\"WebPage\",\"@id\":\"https:\/\/blog.pressloft.com\/de\/2015\/06\/lust-auf-meer\/\",\"url\":\"https:\/\/blog.pressloft.com\/de\/2015\/06\/lust-auf-meer\/\",\"name\":\"Lust auf Meer! - Press Loft blog\",\"isPartOf\":{\"@id\":\"https:\/\/blog.pressloft.com\/#website\"},\"primaryImageOfPage\":{\"@id\":\"https:\/\/blog.pressloft.com\/de\/2015\/06\/lust-auf-meer\/#primaryimage\"},\"image\":{\"@id\":\"https:\/\/blog.pressloft.com\/de\/2015\/06\/lust-auf-meer\/#primaryimage\"},\"thumbnailUrl\":\"https:\/\/i0.wp.com\/blog.pressloft.com\/wp-content\/uploads\/2015\/06\/urbanara_1157848_urbanarasummer2015bedroomsommer20.jpg?fit=2657%2C1797&ssl=1\",\"datePublished\":\"2015-06-04T13:27:49+00:00\",\"dateModified\":\"2017-01-30T04:07:49+00:00\",\"breadcrumb\":{\"@id\":\"https:\/\/blog.pressloft.com\/de\/2015\/06\/lust-auf-meer\/#breadcrumb\"},\"inLanguage\":\"de\",\"potentialAction\":[{\"@type\":\"ReadAction\",\"target\":[\"https:\/\/blog.pressloft.com\/de\/2015\/06\/lust-auf-meer\/\"]}]},{\"@type\":\"ImageObject\",\"inLanguage\":\"de\",\"@id\":\"https:\/\/blog.pressloft.com\/de\/2015\/06\/lust-auf-meer\/#primaryimage\",\"url\":\"https:\/\/i0.wp.com\/blog.pressloft.com\/wp-content\/uploads\/2015\/06\/urbanara_1157848_urbanarasummer2015bedroomsommer20.jpg?fit=2657%2C1797&ssl=1\",\"contentUrl\":\"https:\/\/i0.wp.com\/blog.pressloft.com\/wp-content\/uploads\/2015\/06\/urbanara_1157848_urbanarasummer2015bedroomsommer20.jpg?fit=2657%2C1797&ssl=1\",\"width\":2657,\"height\":1797,\"caption\":\"URBANARA Summer2015\"},{\"@type\":\"BreadcrumbList\",\"@id\":\"https:\/\/blog.pressloft.com\/de\/2015\/06\/lust-auf-meer\/#breadcrumb\",\"itemListElement\":[{\"@type\":\"ListItem\",\"position\":1,\"name\":\"Home\",\"item\":\"https:\/\/blog.pressloft.com\/\"},{\"@type\":\"ListItem\",\"position\":2,\"name\":\"Lust auf Meer!\"}]},{\"@type\":\"WebSite\",\"@id\":\"https:\/\/blog.pressloft.com\/#website\",\"url\":\"https:\/\/blog.pressloft.com\/\",\"name\":\"Press Loft blog\",\"description\":\"PR Made Simple\",\"publisher\":{\"@id\":\"https:\/\/blog.pressloft.com\/#organization\"},\"potentialAction\":[{\"@type\":\"SearchAction\",\"target\":{\"@type\":\"EntryPoint\",\"urlTemplate\":\"https:\/\/blog.pressloft.com\/?s={search_term_string}\"},\"query-input\":{\"@type\":\"PropertyValueSpecification\",\"valueRequired\":true,\"valueName\":\"search_term_string\"}}],\"inLanguage\":\"de\"},{\"@type\":\"Organization\",\"@id\":\"https:\/\/blog.pressloft.com\/#organization\",\"name\":\"Press Loft blog\",\"url\":\"https:\/\/blog.pressloft.com\/\",\"logo\":{\"@type\":\"ImageObject\",\"inLanguage\":\"de\",\"@id\":\"https:\/\/blog.pressloft.com\/#\/schema\/logo\/image\/\",\"url\":\"https:\/\/i0.wp.com\/blog.pressloft.com\/wp-content\/uploads\/2023\/09\/blog-logo.png?fit=272%2C90&ssl=1\",\"contentUrl\":\"https:\/\/i0.wp.com\/blog.pressloft.com\/wp-content\/uploads\/2023\/09\/blog-logo.png?fit=272%2C90&ssl=1\",\"width\":272,\"height\":90,\"caption\":\"Press Loft blog\"},\"image\":{\"@id\":\"https:\/\/blog.pressloft.com\/#\/schema\/logo\/image\/\"},\"sameAs\":[\"https:\/\/www.facebook.com\/PressLoft\/?locale=en_GB\",\"https:\/\/www.instagram.com\/pressloft\/?hl=en-gb\",\"https:\/\/uk.linkedin.com\/company\/pressloft\"]},{\"@type\":\"Person\",\"@id\":\"https:\/\/blog.pressloft.com\/#\/schema\/person\/bb010c98319ad4ee10c12d4bbb62117d\",\"name\":\"admin\",\"url\":\"https:\/\/blog.pressloft.com\/de\/author\/admin\/\"}]}<\/script>\n<!-- \/ Yoast SEO plugin. -->","yoast_head_json":{"title":"Lust auf Meer! - Press Loft blog","robots":{"index":"index","follow":"follow","max-snippet":"max-snippet:-1","max-image-preview":"max-image-preview:large","max-video-preview":"max-video-preview:-1"},"canonical":"https:\/\/blog.pressloft.com\/de\/2015\/06\/lust-auf-meer\/","og_locale":"de_DE","og_type":"article","og_title":"Lust auf Meer! - Press Loft blog","og_description":"Bild:\u00a0Urbanara Sie w\u00e4ren so gern am Strand und freuen sich schon auf den n\u00e4chsten Urlaub? Wir zeigen Ihnen, wie Sie Ihrem eigenen Zuhause maritime Stimmung geben. Die Farben der K\u00fcste sind Blau und Wei\u00df, aber was hei\u00dft schon Blau: Die Palette reicht von Marineblau bis T\u00fcrkis. Die Kombination von Blaut\u00f6nen und Wei\u00df erinnert an Meer [&hellip;]","og_url":"https:\/\/blog.pressloft.com\/de\/2015\/06\/lust-auf-meer\/","og_site_name":"Press Loft blog","article_publisher":"https:\/\/www.facebook.com\/PressLoft\/?locale=en_GB","article_published_time":"2015-06-04T13:27:49+00:00","article_modified_time":"2017-01-30T04:07:49+00:00","og_image":[{"width":1024,"height":693,"url":"https:\/\/blog.pressloft.com\/wp-content\/uploads\/2015\/06\/urbanara_1157848_urbanarasummer2015bedroomsommer20-1024x693.jpg","type":"image\/jpeg"}],"author":"admin","twitter_card":"summary_large_image","twitter_misc":{"Verfasst von":"admin","Gesch\u00e4tzte Lesezeit":"1\u00a0Minute"},"schema":{"@context":"https:\/\/schema.org","@graph":[{"@type":"Article","@id":"https:\/\/blog.pressloft.com\/de\/2015\/06\/lust-auf-meer\/#article","isPartOf":{"@id":"https:\/\/blog.pressloft.com\/de\/2015\/06\/lust-auf-meer\/"},"author":{"name":"admin","@id":"https:\/\/blog.pressloft.com\/#\/schema\/person\/bb010c98319ad4ee10c12d4bbb62117d"},"headline":"Lust auf Meer!","datePublished":"2015-06-04T13:27:49+00:00","dateModified":"2017-01-30T04:07:49+00:00","mainEntityOfPage":{"@id":"https:\/\/blog.pressloft.com\/de\/2015\/06\/lust-auf-meer\/"},"wordCount":279,"commentCount":0,"publisher":{"@id":"https:\/\/blog.pressloft.com\/#organization"},"image":{"@id":"https:\/\/blog.pressloft.com\/de\/2015\/06\/lust-auf-meer\/#primaryimage"},"thumbnailUrl":"https:\/\/i0.wp.com\/blog.pressloft.com\/wp-content\/uploads\/2015\/06\/urbanara_1157848_urbanarasummer2015bedroomsommer20.jpg?fit=2657%2C1797&ssl=1","articleSection":["German","Neuigkeiten &amp; Trends","Unkategorisiert"],"inLanguage":"de","potentialAction":[{"@type":"CommentAction","name":"Comment","target":["https:\/\/blog.pressloft.com\/de\/2015\/06\/lust-auf-meer\/#respond"]}]},{"@type":"WebPage","@id":"https:\/\/blog.pressloft.com\/de\/2015\/06\/lust-auf-meer\/","url":"https:\/\/blog.pressloft.com\/de\/2015\/06\/lust-auf-meer\/","name":"Lust auf Meer! - Press Loft blog","isPartOf":{"@id":"https:\/\/blog.pressloft.com\/#website"},"primaryImageOfPage":{"@id":"https:\/\/blog.pressloft.com\/de\/2015\/06\/lust-auf-meer\/#primaryimage"},"image":{"@id":"https:\/\/blog.pressloft.com\/de\/2015\/06\/lust-auf-meer\/#primaryimage"},"thumbnailUrl":"https:\/\/i0.wp.com\/blog.pressloft.com\/wp-content\/uploads\/2015\/06\/urbanara_1157848_urbanarasummer2015bedroomsommer20.jpg?fit=2657%2C1797&ssl=1","datePublished":"2015-06-04T13:27:49+00:00","dateModified":"2017-01-30T04:07:49+00:00","breadcrumb":{"@id":"https:\/\/blog.pressloft.com\/de\/2015\/06\/lust-auf-meer\/#breadcrumb"},"inLanguage":"de","potentialAction":[{"@type":"ReadAction","target":["https:\/\/blog.pressloft.com\/de\/2015\/06\/lust-auf-meer\/"]}]},{"@type":"ImageObject","inLanguage":"de","@id":"https:\/\/blog.pressloft.com\/de\/2015\/06\/lust-auf-meer\/#primaryimage","url":"https:\/\/i0.wp.com\/blog.pressloft.com\/wp-content\/uploads\/2015\/06\/urbanara_1157848_urbanarasummer2015bedroomsommer20.jpg?fit=2657%2C1797&ssl=1","contentUrl":"https:\/\/i0.wp.com\/blog.pressloft.com\/wp-content\/uploads\/2015\/06\/urbanara_1157848_urbanarasummer2015bedroomsommer20.jpg?fit=2657%2C1797&ssl=1","width":2657,"height":1797,"caption":"URBANARA Summer2015"},{"@type":"BreadcrumbList","@id":"https:\/\/blog.pressloft.com\/de\/2015\/06\/lust-auf-meer\/#breadcrumb","itemListElement":[{"@type":"ListItem","position":1,"name":"Home","item":"https:\/\/blog.pressloft.com\/"},{"@type":"ListItem","position":2,"name":"Lust auf Meer!"}]},{"@type":"WebSite","@id":"https:\/\/blog.pressloft.com\/#website","url":"https:\/\/blog.pressloft.com\/","name":"Press Loft blog","description":"PR Made Simple","publisher":{"@id":"https:\/\/blog.pressloft.com\/#organization"},"potentialAction":[{"@type":"SearchAction","target":{"@type":"EntryPoint","urlTemplate":"https:\/\/blog.pressloft.com\/?s={search_term_string}"},"query-input":{"@type":"PropertyValueSpecification","valueRequired":true,"valueName":"search_term_string"}}],"inLanguage":"de"},{"@type":"Organization","@id":"https:\/\/blog.pressloft.com\/#organization","name":"Press Loft blog","url":"https:\/\/blog.pressloft.com\/","logo":{"@type":"ImageObject","inLanguage":"de","@id":"https:\/\/blog.pressloft.com\/#\/schema\/logo\/image\/","url":"https:\/\/i0.wp.com\/blog.pressloft.com\/wp-content\/uploads\/2023\/09\/blog-logo.png?fit=272%2C90&ssl=1","contentUrl":"https:\/\/i0.wp.com\/blog.pressloft.com\/wp-content\/uploads\/2023\/09\/blog-logo.png?fit=272%2C90&ssl=1","width":272,"height":90,"caption":"Press Loft blog"},"image":{"@id":"https:\/\/blog.pressloft.com\/#\/schema\/logo\/image\/"},"sameAs":["https:\/\/www.facebook.com\/PressLoft\/?locale=en_GB","https:\/\/www.instagram.com\/pressloft\/?hl=en-gb","https:\/\/uk.linkedin.com\/company\/pressloft"]},{"@type":"Person","@id":"https:\/\/blog.pressloft.com\/#\/schema\/person\/bb010c98319ad4ee10c12d4bbb62117d","name":"admin","url":"https:\/\/blog.pressloft.com\/de\/author\/admin\/"}]}},"jetpack_publicize_connections":[],"jetpack_featured_media_url":"https:\/\/i0.wp.com\/blog.pressloft.com\/wp-content\/uploads\/2015\/06\/urbanara_1157848_urbanarasummer2015bedroomsommer20.jpg?fit=2657%2C1797&ssl=1","jetpack_sharing_enabled":true,"jetpack_shortlink":"https:\/\/wp.me\/pbvzo7-1BT","_links":{"self":[{"href":"https:\/\/blog.pressloft.com\/de\/wp-json\/wp\/v2\/posts\/6193\/"}],"collection":[{"href":"https:\/\/blog.pressloft.com\/de\/wp-json\/wp\/v2\/posts\/"}],"about":[{"href":"https:\/\/blog.pressloft.com\/de\/wp-json\/wp\/v2\/types\/post\/"}],"author":[{"embeddable":true,"href":"https:\/\/blog.pressloft.com\/de\/wp-json\/wp\/v2\/users\/1\/"}],"replies":[{"embeddable":true,"href":"https:\/\/blog.pressloft.com\/de\/wp-json\/wp\/v2\/comments\/?post=6193"}],"version-history":[{"count":2,"href":"https:\/\/blog.pressloft.com\/de\/wp-json\/wp\/v2\/posts\/6193\/revisions\/"}],"predecessor-version":[{"id":9335,"href":"https:\/\/blog.pressloft.com\/de\/wp-json\/wp\/v2\/posts\/6193\/revisions\/9335\/"}],"wp:featuredmedia":[{"embeddable":true,"href":"https:\/\/blog.pressloft.com\/de\/wp-json\/wp\/v2\/media\/6228\/"}],"wp:attachment":[{"href":"https:\/\/blog.pressloft.com\/de\/wp-json\/wp\/v2\/media\/?parent=6193"}],"wp:term":[{"taxonomy":"category","embeddable":true,"href":"https:\/\/blog.pressloft.com\/de\/wp-json\/wp\/v2\/categories\/?post=6193"},{"taxonomy":"post_tag","embeddable":true,"href":"https:\/\/blog.pressloft.com\/de\/wp-json\/wp\/v2\/tags\/?post=6193"}],"curies":[{"name":"wp","href":"https:\/\/api.w.org\/{rel}","templated":true}]}}